{"id":2559,"date":"2004-11-20T17:22:20","date_gmt":"2004-11-20T17:22:20","guid":{"rendered":"https:\/\/luisnaon.com\/perspectives-2004-urbana-20\/"},"modified":"2025-02-17T15:03:31","modified_gmt":"2025-02-17T15:03:31","slug":"perspectives-2004-urbana-20","status":"publish","type":"post","link":"https:\/\/luisnaon.com\/en\/perspectives-2004-urbana-20\/","title":{"rendered":"Perspectives (2004) (Urbana 20)"},"content":{"rendered":"<p><strong>Pour support st\u00e9r\u00e9o.<\/strong><\/p>\n<p><!--more--><\/p>\n<p><strong>Perspectives<\/strong> (Urbana 20) (2004)\u00a0(version de 2017) 17\u201927\u2019\u2019<br \/>\n<em>Commande de l\u2019INA-GRM<\/em><br \/>\nCr\u00e9\u00e9e le 29 mai 2004 \u2013 Salle Olivier Messi\u00e6n \u2013 Cycle Son-MU, <strong>Maison de Radio France<\/strong><\/p>\n<p><em>\u00abQuand on abandonne le pays et l\u2019on remonte la c\u00f4te<\/em><br \/>\n<em>\u00a0le cheval tire vers l\u2019avant et l\u2019\u00e2me en arri\u00e8re\u2026\u00a0\u00bb<\/em><br \/>\nExtrait de \u00ab\u00a0la a\u00f1era\u00a0\u00bb de Atahualpa Yupanqui<\/p>\n<p><em>\u00e0 mon fils Rodrigo.<\/em><\/p>\n<hr \/>\n<p><strong>Cette \u0153uvre\u00a0est divis\u00e9e en 4 mouvements\u00a0:<\/strong><\/p>\n<p><em>I \u2013 Souvenirs du bagne \u00a0\u00a0 \u00a04 \u201848<\/em><br \/>\n<em>II \u2013 Scherzo du coiffeur \u00a0\u00a0 \u00a01\u00a0\u201911<\/em><br \/>\n<em>III \u2013 Jeux rythmiques \u00a0\u00a0\u00a0 \u00a07\u201902<\/em><br \/>\n<em>IV \u2013 Finale de temps crois\u00e9s\u00a0\u00a0 4\u201926<\/em><\/p>\n<p>Une architecture simple est au centre de cette pi\u00e8ce\u00a0:<\/p>\n<p style=\"text-align: justify;\">Le rythme comme vitesse et le rythme comme d\u00e9coupage du temps. Un mat\u00e9riau qui avance, toujours, et un autre qui nous demande de nous poser, d\u2019\u00e9couter chaque instant presque \u00ab\u00a0en arri\u00e8re\u00a0\u00bb dans la jouissance du son.<\/p>\n<p>Le mot \u201cperspective\u201d a \u00e9t\u00e9 ensuite d\u00e9clin\u00e9 en quelques id\u00e9es\u00a0:<\/p>\n<ul>\n<li>Architecture\u00a0: vue d\u2019ensemble d\u2019un \u00e9difice, d\u2019une rue, d\u2019un boulevard, repr\u00e9sent\u00e9 en deux dimensions sur un plan.<\/li>\n<li>L\u2019avenir : les perspectives sont incertaines, il n\u2019y a pas une minute \u00e0 perdre. Rester et contempler c\u2019est mourir un peu.<\/li>\n<li>La perspective est la conjugaison d\u2019un point de vue global avec un autre point de vue qui s\u2019occuperait du d\u00e9tail. C\u2019est un \u0153il qui reconstruit le volume.<\/li>\n<li>Aussi bien dans la vie que sur un plan, pour avoir une perspective il faut une ligne de fuite.<\/li>\n<\/ul>\n<p style=\"text-align: justify;\">Lorsque l\u2019on se met \u00e0 observer, par l\u2019\u00e9coute ou par le regard, les dimensions deviennent relatives. L\u2019aller-retour entre l\u2019aspect g\u00e9n\u00e9ral et le d\u00e9tail se fait \u00e0 une tr\u00e8s grande vitesse. Ce changement d\u2019\u00e9tat de l\u2019observateur est au creux de l\u2019\u0153uvre. L\u2019oreille oscille entre la globalit\u00e9 et le d\u00e9tail infime. Le \u00ab\u00a0temps immobile\u00a0\u00bb n\u2019existe pas. Rien ne se r\u00e9p\u00e8te, jamais.<\/p>\n<hr \/>\n<p><strong>Perspectives 1<br \/>\n<\/strong><\/p>\n<audio class=\"wp-audio-shortcode\" id=\"audio-2559-1\" preload=\"none\" style=\"width: 100%;\" controls=\"controls\"><source type=\"audio\/mpeg\" src=\"https:\/\/www.luis-naon.com\/wp-content\/uploads\/music\/perspect\/per_01.mp3?_=1\" \/><a href=\"https:\/\/www.luis-naon.com\/wp-content\/uploads\/music\/perspect\/per_01.mp3\">https:\/\/www.luis-naon.com\/wp-content\/uploads\/music\/perspect\/per_01.mp3<\/a><\/audio>\n<p><strong>Perspectives 2<br \/>\n<\/strong><\/p>\n<audio class=\"wp-audio-shortcode\" id=\"audio-2559-2\" preload=\"none\" style=\"width: 100%;\" controls=\"controls\"><source type=\"audio\/mpeg\" src=\"https:\/\/www.luis-naon.com\/wp-content\/uploads\/music\/perspect\/per_02.mp3?_=2\" \/><a href=\"https:\/\/www.luis-naon.com\/wp-content\/uploads\/music\/perspect\/per_02.mp3\">https:\/\/www.luis-naon.com\/wp-content\/uploads\/music\/perspect\/per_02.mp3<\/a><\/audio>\n<p><strong>Perspectives 3<br \/>\n<\/strong><\/p>\n<audio class=\"wp-audio-shortcode\" id=\"audio-2559-3\" preload=\"none\" style=\"width: 100%;\" controls=\"controls\"><source type=\"audio\/mpeg\" src=\"https:\/\/www.luis-naon.com\/wp-content\/uploads\/music\/perspect\/per_03.mp3?_=3\" \/><a href=\"https:\/\/www.luis-naon.com\/wp-content\/uploads\/music\/perspect\/per_03.mp3\">https:\/\/www.luis-naon.com\/wp-content\/uploads\/music\/perspect\/per_03.mp3<\/a><\/audio>\n<p><strong>Perspectives 4<br \/>\n<\/strong><\/p>\n<audio class=\"wp-audio-shortcode\" id=\"audio-2559-4\" preload=\"none\" style=\"width: 100%;\" controls=\"controls\"><source type=\"audio\/mpeg\" src=\"https:\/\/www.luis-naon.com\/wp-content\/uploads\/music\/perspect\/per_04.mp3?_=4\" \/><a href=\"https:\/\/www.luis-naon.com\/wp-content\/uploads\/music\/perspect\/per_04.mp3\">https:\/\/www.luis-naon.com\/wp-content\/uploads\/music\/perspect\/per_04.mp3<\/a><\/audio>\n<hr \/>\n<p><span style=\"color: #800000;\"><a style=\"color: #800000;\" href=\"\/luisnaon\/?cat_ID=11\">[ Cycle Urbana ]<br \/>\n<\/a><a style=\"color: #800000;\" href=\"\/luisnaon\/?cat_ID=5\">[ Instrument seul et\/ou bande magn\u00e9tique ou \u00e9lectronique ]<\/a><\/span><\/p>\n","protected":false},"excerpt":{"rendered":"<p>Pour support st\u00e9r\u00e9o.<\/p>\n","protected":false},"author":2,"featured_media":0,"comment_status":"closed","ping_status":"closed","sticky":false,"template":"","format":"standard","meta":{"jetpack_post_was_ever_published":false,"_jetpack_newsletter_access":"","_jetpack_dont_email_post_to_subs":false,"_jetpack_newsletter_tier_id":0,"_jetpack_memberships_contains_paywalled_content":false,"_jetpack_memberships_contains_paid_content":false,"footnotes":""},"categories":[60,64],"tags":[],"class_list":["post-2559","post","type-post","status-publish","format-standard","hentry","category-cycle-urbana-en","category-5-solo-instrument-with-or-without-electronics"],"yoast_head":"<!-- This site is optimized with the Yoast SEO plugin v27.4 - https:\/\/yoast.com\/product\/yoast-seo-wordpress\/ -->\n<title>Perspectives (2004) (Urbana 20) - Luis Na\u00f3n \/ compositeur<\/title>\n<meta name=\"robots\" content=\"index, follow, max-snippet:-1, max-image-preview:large, max-video-preview:-1\" \/>\n<link rel=\"canonical\" href=\"https:\/\/luisnaon.com\/en\/perspectives-2004-urbana-20\/\" \/>\n<meta property=\"og:locale\" content=\"en_US\" \/>\n<meta property=\"og:type\" content=\"article\" \/>\n<meta property=\"og:title\" content=\"Perspectives (2004) (Urbana 20) - Luis Na\u00f3n \/ compositeur\" \/>\n<meta property=\"og:description\" content=\"Pour support st\u00e9r\u00e9o.\" \/>\n<meta property=\"og:url\" content=\"https:\/\/luisnaon.com\/en\/perspectives-2004-urbana-20\/\" \/>\n<meta property=\"og:site_name\" content=\"Luis Na\u00f3n \/ compositeur\" \/>\n<meta property=\"article:published_time\" content=\"2004-11-20T17:22:20+00:00\" \/>\n<meta property=\"article:modified_time\" content=\"2025-02-17T15:03:31+00:00\" \/>\n<meta name=\"author\" content=\"admin4luis\" \/>\n<meta name=\"twitter:label1\" content=\"Written by\" \/>\n\t<meta name=\"twitter:data1\" content=\"admin4luis\" \/>\n\t<meta name=\"twitter:label2\" content=\"Est. reading time\" \/>\n\t<meta name=\"twitter:data2\" content=\"2 minutes\" \/>\n<script type=\"application\/ld+json\" class=\"yoast-schema-graph\">{\"@context\":\"https:\\\/\\\/schema.org\",\"@graph\":[{\"@type\":\"Article\",\"@id\":\"https:\\\/\\\/luisnaon.com\\\/en\\\/perspectives-2004-urbana-20\\\/#article\",\"isPartOf\":{\"@id\":\"https:\\\/\\\/luisnaon.com\\\/en\\\/perspectives-2004-urbana-20\\\/\"},\"author\":{\"name\":\"admin4luis\",\"@id\":\"https:\\\/\\\/luisnaon.com\\\/#\\\/schema\\\/person\\\/3972d8c1fd95485284e1cba0cba78f0f\"},\"headline\":\"Perspectives (2004) (Urbana 20)\",\"datePublished\":\"2004-11-20T17:22:20+00:00\",\"dateModified\":\"2025-02-17T15:03:31+00:00\",\"mainEntityOfPage\":{\"@id\":\"https:\\\/\\\/luisnaon.com\\\/en\\\/perspectives-2004-urbana-20\\\/\"},\"wordCount\":379,\"articleSection\":[\"1. Cycle: Urbana\",\"5. Solo instrument \\\/with or without electronics\"],\"inLanguage\":\"en-US\"},{\"@type\":\"WebPage\",\"@id\":\"https:\\\/\\\/luisnaon.com\\\/en\\\/perspectives-2004-urbana-20\\\/\",\"url\":\"https:\\\/\\\/luisnaon.com\\\/en\\\/perspectives-2004-urbana-20\\\/\",\"name\":\"Perspectives (2004) (Urbana 20) - Luis Na\u00f3n \\\/ compositeur\",\"isPartOf\":{\"@id\":\"https:\\\/\\\/luisnaon.com\\\/#website\"},\"datePublished\":\"2004-11-20T17:22:20+00:00\",\"dateModified\":\"2025-02-17T15:03:31+00:00\",\"author\":{\"@id\":\"https:\\\/\\\/luisnaon.com\\\/#\\\/schema\\\/person\\\/3972d8c1fd95485284e1cba0cba78f0f\"},\"breadcrumb\":{\"@id\":\"https:\\\/\\\/luisnaon.com\\\/en\\\/perspectives-2004-urbana-20\\\/#breadcrumb\"},\"inLanguage\":\"en-US\",\"potentialAction\":[{\"@type\":\"ReadAction\",\"target\":[\"https:\\\/\\\/luisnaon.com\\\/en\\\/perspectives-2004-urbana-20\\\/\"]}]},{\"@type\":\"BreadcrumbList\",\"@id\":\"https:\\\/\\\/luisnaon.com\\\/en\\\/perspectives-2004-urbana-20\\\/#breadcrumb\",\"itemListElement\":[{\"@type\":\"ListItem\",\"position\":1,\"name\":\"Accueil\",\"item\":\"https:\\\/\\\/luisnaon.com\\\/en\\\/\"},{\"@type\":\"ListItem\",\"position\":2,\"name\":\"Perspectives (2004) (Urbana 20)\"}]},{\"@type\":\"WebSite\",\"@id\":\"https:\\\/\\\/luisnaon.com\\\/#website\",\"url\":\"https:\\\/\\\/luisnaon.com\\\/\",\"name\":\"Luis Na\u00f3n \\\/ compositeur\",\"description\":\"\",\"potentialAction\":[{\"@type\":\"SearchAction\",\"target\":{\"@type\":\"EntryPoint\",\"urlTemplate\":\"https:\\\/\\\/luisnaon.com\\\/?s={search_term_string}\"},\"query-input\":{\"@type\":\"PropertyValueSpecification\",\"valueRequired\":true,\"valueName\":\"search_term_string\"}}],\"inLanguage\":\"en-US\"},{\"@type\":\"Person\",\"@id\":\"https:\\\/\\\/luisnaon.com\\\/#\\\/schema\\\/person\\\/3972d8c1fd95485284e1cba0cba78f0f\",\"name\":\"admin4luis\",\"url\":\"https:\\\/\\\/luisnaon.com\\\/en\\\/author\\\/admin4luis\\\/\"}]}<\/script>\n<!-- \/ Yoast SEO plugin. -->","yoast_head_json":{"title":"Perspectives (2004) (Urbana 20) - Luis Na\u00f3n \/ compositeur","robots":{"index":"index","follow":"follow","max-snippet":"max-snippet:-1","max-image-preview":"max-image-preview:large","max-video-preview":"max-video-preview:-1"},"canonical":"https:\/\/luisnaon.com\/en\/perspectives-2004-urbana-20\/","og_locale":"en_US","og_type":"article","og_title":"Perspectives (2004) (Urbana 20) - Luis Na\u00f3n \/ compositeur","og_description":"Pour support st\u00e9r\u00e9o.","og_url":"https:\/\/luisnaon.com\/en\/perspectives-2004-urbana-20\/","og_site_name":"Luis Na\u00f3n \/ compositeur","article_published_time":"2004-11-20T17:22:20+00:00","article_modified_time":"2025-02-17T15:03:31+00:00","author":"admin4luis","twitter_misc":{"Written by":"admin4luis","Est. reading time":"2 minutes"},"schema":{"@context":"https:\/\/schema.org","@graph":[{"@type":"Article","@id":"https:\/\/luisnaon.com\/en\/perspectives-2004-urbana-20\/#article","isPartOf":{"@id":"https:\/\/luisnaon.com\/en\/perspectives-2004-urbana-20\/"},"author":{"name":"admin4luis","@id":"https:\/\/luisnaon.com\/#\/schema\/person\/3972d8c1fd95485284e1cba0cba78f0f"},"headline":"Perspectives (2004) (Urbana 20)","datePublished":"2004-11-20T17:22:20+00:00","dateModified":"2025-02-17T15:03:31+00:00","mainEntityOfPage":{"@id":"https:\/\/luisnaon.com\/en\/perspectives-2004-urbana-20\/"},"wordCount":379,"articleSection":["1. Cycle: Urbana","5. Solo instrument \/with or without electronics"],"inLanguage":"en-US"},{"@type":"WebPage","@id":"https:\/\/luisnaon.com\/en\/perspectives-2004-urbana-20\/","url":"https:\/\/luisnaon.com\/en\/perspectives-2004-urbana-20\/","name":"Perspectives (2004) (Urbana 20) - Luis Na\u00f3n \/ compositeur","isPartOf":{"@id":"https:\/\/luisnaon.com\/#website"},"datePublished":"2004-11-20T17:22:20+00:00","dateModified":"2025-02-17T15:03:31+00:00","author":{"@id":"https:\/\/luisnaon.com\/#\/schema\/person\/3972d8c1fd95485284e1cba0cba78f0f"},"breadcrumb":{"@id":"https:\/\/luisnaon.com\/en\/perspectives-2004-urbana-20\/#breadcrumb"},"inLanguage":"en-US","potentialAction":[{"@type":"ReadAction","target":["https:\/\/luisnaon.com\/en\/perspectives-2004-urbana-20\/"]}]},{"@type":"BreadcrumbList","@id":"https:\/\/luisnaon.com\/en\/perspectives-2004-urbana-20\/#breadcrumb","itemListElement":[{"@type":"ListItem","position":1,"name":"Accueil","item":"https:\/\/luisnaon.com\/en\/"},{"@type":"ListItem","position":2,"name":"Perspectives (2004) (Urbana 20)"}]},{"@type":"WebSite","@id":"https:\/\/luisnaon.com\/#website","url":"https:\/\/luisnaon.com\/","name":"Luis Na\u00f3n \/ compositeur","description":"","potentialAction":[{"@type":"SearchAction","target":{"@type":"EntryPoint","urlTemplate":"https:\/\/luisnaon.com\/?s={search_term_string}"},"query-input":{"@type":"PropertyValueSpecification","valueRequired":true,"valueName":"search_term_string"}}],"inLanguage":"en-US"},{"@type":"Person","@id":"https:\/\/luisnaon.com\/#\/schema\/person\/3972d8c1fd95485284e1cba0cba78f0f","name":"admin4luis","url":"https:\/\/luisnaon.com\/en\/author\/admin4luis\/"}]}},"jetpack_featured_media_url":"","jetpack_sharing_enabled":true,"jetpack_shortlink":"https:\/\/wp.me\/p8dE3Z-Fh","jetpack-related-posts":[],"_links":{"self":[{"href":"https:\/\/luisnaon.com\/en\/wp-json\/wp\/v2\/posts\/2559","targetHints":{"allow":["GET"]}}],"collection":[{"href":"https:\/\/luisnaon.com\/en\/wp-json\/wp\/v2\/posts"}],"about":[{"href":"https:\/\/luisnaon.com\/en\/wp-json\/wp\/v2\/types\/post"}],"author":[{"embeddable":true,"href":"https:\/\/luisnaon.com\/en\/wp-json\/wp\/v2\/users\/2"}],"replies":[{"embeddable":true,"href":"https:\/\/luisnaon.com\/en\/wp-json\/wp\/v2\/comments?post=2559"}],"version-history":[{"count":1,"href":"https:\/\/luisnaon.com\/en\/wp-json\/wp\/v2\/posts\/2559\/revisions"}],"predecessor-version":[{"id":2831,"href":"https:\/\/luisnaon.com\/en\/wp-json\/wp\/v2\/posts\/2559\/revisions\/2831"}],"wp:attachment":[{"href":"https:\/\/luisnaon.com\/en\/wp-json\/wp\/v2\/media?parent=2559"}],"wp:term":[{"taxonomy":"category","embeddable":true,"href":"https:\/\/luisnaon.com\/en\/wp-json\/wp\/v2\/categories?post=2559"},{"taxonomy":"post_tag","embeddable":true,"href":"https:\/\/luisnaon.com\/en\/wp-json\/wp\/v2\/tags?post=2559"}],"curies":[{"name":"wp","href":"https:\/\/api.w.org\/{rel}","templated":true}]}}