{"id":1452,"date":"2010-09-08T13:14:56","date_gmt":"2010-09-08T13:14:56","guid":{"rendered":"https:\/\/luisnaon.com\/?p=1452"},"modified":"2023-07-10T13:33:03","modified_gmt":"2023-07-10T13:33:03","slug":"fermata-2010-urbana-24","status":"publish","type":"post","link":"https:\/\/luisnaon.com\/es\/fermata-2010-urbana-24\/","title":{"rendered":"Fermata (2010) (Urbana 24)"},"content":{"rendered":"<p><strong>Para Soprano, Mezzosoprano, 2 clarinetes, trompa, viol\u00edn, viola, cello, contrabajo y electr\u00f3nica.<\/strong><\/p>\n<p><strong>Encargo del Estado Franc\u00e9s para el Itin\u00e9raire.<\/strong><\/p>\n<p><em>circa 27 minutos.<\/em><\/p>\n<audio class=\"wp-audio-shortcode\" id=\"audio-1452-1\" preload=\"none\" style=\"width: 100%;\" controls=\"controls\"><source type=\"audio\/mpeg\" src=\"https:\/\/www.luis-naon.com\/wp-content\/uploads\/music\/fermata\/fermata.mp3?_=1\" \/><a href=\"https:\/\/www.luis-naon.com\/wp-content\/uploads\/music\/fermata\/fermata.mp3\">https:\/\/www.luis-naon.com\/wp-content\/uploads\/music\/fermata\/fermata.mp3<\/a><\/audio>\n<hr \/>\n<p style=\"text-align: justify;\">La composici\u00f3n de <strong>Fermata<\/strong>\u00a0 estaba originalmente prevista para ser una suerte de resumen del ciclo. Pese a que esta idea permanezca, de manera subyacente, el contenido de la obra fue fuertemente perturbado por la muerte de mi madre, <em><strong>Alicia Amado<\/strong><\/em>, a qui\u00e9n la obra est\u00e1 dedicada.<\/p>\n<p style=\"text-align: justify;\">Para este homenaje decid\u00ed trabajar sobre cinco sonetos cl\u00e1sicos, de\u00a0<strong><em>Shakespeare<\/em>,\u00a0<em>Cervantes<\/em>\u00a0y <\/strong><em><strong>Tasso<\/strong>, <\/em>que constituyen el z\u00f3calo de la pieza y que son comentados, enmarcados, por im\u00e1genes y frases de mi madre y reflexiones sobre la inmovilidad, la parada, la desaparici\u00f3n.<\/p>\n<p style=\"text-align: justify;\">El resultado me llev\u00f3 a una forma particular en la que se incluye dentro de la obra su propia critica o el comentario de su sentido.<\/p>\n<p style=\"text-align: justify;\">El tiempo musical ha sido abordado de manera a no obedecer a una dramaturgia tradicional. Su delicada manipulaci\u00f3n me condujo hacia la construcci\u00f3n de cada instante (para mi la m\u00fasica podr\u00eda definirse como esa \u201cintriga\u201d del devenir sobre un sujeto desconocido).<\/p>\n<p style=\"text-align: justify;\">En <strong>Fermata<\/strong> se habla del tiempo a trav\u00e9s de los maravillosos textos que eleg\u00ed y tambi\u00e9n a otros, mas modestos, que les proporcionan un marco. Ese tiempo, y su frenada, que es el verdadero sujeto de la obra no me llevaron sin embargo por un camino de diluci\u00f3n del discurso sino mas bien hacia un tratamiento el\u00e1stico y contrastante del devenir.<\/p>\n<p style=\"text-align: justify;\">El canto est\u00e1 pautado por la voz en off (en la parte electr\u00f3nica) de la actriz <strong><em>Agn\u00e8s Sourdillon<\/em><\/strong> con qui\u00e9n una gran complicidad y qui\u00e9n agradezco particularmente su inestimable aporte. <br \/>\nLa \u201cvisita\u201d que <strong>Fermata<\/strong> hace del siglo XVI no comporta citaciones musicales identificables. Me propuse imaginar una musicalizaci\u00f3n de los sonetos muy cercana al texto de lo cual se desprende una inevitable incursi\u00f3n en el <em>madrigalismo<\/em>. <\/p>\n<hr \/>\n<p><strong> La obra tiene 10 partes que se encadenan:<\/strong><\/p>\n<p>\u00ab\u00a0Introduction\u00a0\u00bb<br \/>\n\u00ab Qu\u00e9 es Fermata ? \u00bb<br \/>\n\u00ab\u00a0En el silencio de la noche\u00a0\u00bb \u00a0 <em>Miguel de Cervantes<\/em><br \/>\n\u00ab\u00a0Int\u00e9rieur \u2013 Ant\u00e9rieur\u00a0\u00bb<br \/>\n\u00ab\u00a0When I took my way\u00a0\u00bb \u00a0 \u00a0 \u00a0 \u00a0 \u00a0 <em>\u00a0William Shakespeare<\/em><br \/>\n\u00ab\u00a0Une pri\u00e8re\u00a0\u00bb<br \/>\n\u00ab\u00a0Dadme se\u00f1ora\u00a0\u00bb \u00a0 \u00a0 \u00a0 \u00a0 \u00a0 \u00a0 \u00a0 \u00a0 \u00a0 \u00a0 \u00a0 \u00a0<em> Miguel de Cervantes<\/em><br \/>\n\u00ab\u00a0Al tempo I\u00a0\u00bb \u00a0 \u00a0 \u00a0 \u00a0 \u00a0 \u00a0 \u00a0 \u00a0 \u00a0 \u00a0 \u00a0 \u00a0 \u00a0 \u00a0 \u00a0 \u00a0 \u00a0 <em>Torquato Tasso<\/em><br \/>\n\u00ab\u00a0Or I shall live\u00a0\u00bb \u00a0 \u00a0 \u00a0 \u00a0 \u00a0 \u00a0 \u00a0 \u00a0 \u00a0 \u00a0 \u00a0 \u00a0 \u00a0 \u00a0<em>William Shakespeare<\/em><br \/>\n\u00ab\u00a0Al tempo (final)\u00a0\u00bb \u00a0 \u00a0 \u00a0 \u00a0 \u00a0 \u00a0 \u00a0 \u00a0 \u00a0 \u00a0 \u00a0<em>Torquato Tasso<\/em><\/p>\n<hr \/>\n<p><strong>Fermata (Urbana 24)<br \/>\nLos textos de los 10 movimientos.<\/strong><\/p>\n<p><strong>\u00ab Introducci\u00f3n \u00bb<\/strong><\/p>\n<p><strong><em>Textos susurrados por los m\u00fasicos y retomados en el dispositivo electr\u00f3nico.<\/em><\/strong><\/p>\n<p>Palabras que ya no est\u00e1n<em> [parole qui n\u2019est plus]<\/em><br \/>\nPalabras que se van<em> [paroles qui s\u2019en vont]<br \/>\n<\/em>Un sentimiento de no haber sabido, de no haber podido<br \/>\nLa frustraci\u00f3n de no saber correr suficientemente r\u00e1pido<br \/>\nY esa picaz\u00f3n en la garganta, en la nariz<br \/>\nque hace subir las l\u00e1grimas.<br \/>\n\u00bfEs la muerte que se acerca?<\/p>\n<p><strong><em>Soprano y Mezzo (primero susurrado, luego cantado)<\/em><\/strong><\/p>\n<p>Parar y ver. Si parar. Antes que el coraz\u00f3n se acelere demasiado. Nunca haber tenido el tiempo de plantar una escucha. Antes que el coraz\u00f3n se pare.<\/p>\n<p>Siempre corr\u00ed, un poco triste un poco desesperado. Sin tiempo de plantar una escucha.<\/p>\n<hr \/>\n<p><strong>\u00ab\u00a0\u00bf Qu\u00e9 es Fermata\u00a0?\u00a0\u00bb \u00a0\u00a0\u00a0 1 min 38<\/strong><\/p>\n<p>\u00bfEs eso ?<\/p>\n<p>\u00bfeso?!<\/p>\n<p>\u00bfEs eso Fermata? \u00bfUna foto?\u00a0 \u00bfUna postura\u00a0?\u00a0 \u00a1Es la frenada!<\/p>\n<p>Una foto es un s\u00edmbolo de la eternidad, el tiempo se ha parado definitivamente.<\/p>\n<p>Une photo est un symbole de l\u2019\u00e9ternit\u00e9, puisque le temps s\u2019y est arr\u00eat\u00e9 d\u00e9finitivement<\/p>\n<p><strong><em>L<\/em><em>os textos entre par\u00e9ntesis est\u00e1n fijados en el soporte y difundidos en 5 puntos.<\/em><\/strong><\/p>\n<p>Frenar el movimiento hasta su fijaci\u00f3n para entrever, por fin, el tiempo.<\/p>\n<p><strong><em>Soprano (cantado) y voz en off :<\/em><\/strong><\/p>\n<p>Las calles eran simulacros de verdaderas calles. Mi lengua no se hizo con los libros, ni con el encierro, sino con el deseo de huir.<\/p>\n<p><strong><em>Mezzo (cantado) y voz en off:<\/em><\/strong><\/p>\n<p>En Dole, los trenes se componen de \u00f3xido y gris.<\/p>\n<p>Pero los \u00e1rboles \u2013 siempre los \u00e1rboles \u2013 me muestran con su elevaci\u00f3n, su mirada y su multiplicaci\u00f3n, el verdadero sentido te haber parado.<em><br \/>\n<\/em><em><strong>Voz en off :<\/strong> La Soprano habla libremente, mientras la Mezzo canta :<\/em><\/p>\n<p>Estaci\u00f3n de Lyon, hora pico. En el gent\u00edo incesante, una viejita, \u2026\u201dFermata\u201d\u2026<\/p>\n<p>Inm\u00f3vil la anciana muestra sus peri\u00f3dicos.<\/p>\n<p>\u201cFermata\u201d es la voz de la cesaci\u00f3n del movimiento;<\/p>\n<p>Pero es tambi\u00e9n mi madre<\/p>\n<p>Inm\u00f3vil.<br \/>\nSon las palabras dichas, susurradas.<\/p>\n<p>La voz de la interrupci\u00f3n, del stop.<\/p>\n<p>Es la misma cesaci\u00f3n.<\/p>\n<hr \/>\n<p><strong>\u00ab\u00a0En el silencio de la noche\u00a0\u00bb (p 30) \u00a0 \u00a0 \u00a0 \u00a0 6&#8242; 22 \u00a0 \u00a0 \u00a0Miguel de Cervantes<\/strong><\/p>\n<p>En el silencio de la noche, cuando<br \/>\nocupa el dulce sue\u00f1o a las mortales,<br \/>\nla pobre cuenta de mis ricos males<br \/>\nestoy al cielo y a mi Clori dando.<\/p>\n<p>Y al tiempo cuando el sol se va mostrando<br \/>\npor las rosadas puertas orientales,<br \/>\ncon suspiros y acentos desiguales<br \/>\nvoy la antigua querella renovando.<\/p>\n<p>Y cuando el sol, de su estrellado asiento<br \/>\nderechos rayos a la tierra env\u00eda,<br \/>\nel llanto crece y doblo los gemidos.<\/p>\n<p>Vuelve la noche, y vuelvo al triste cuento,<br \/>\ny siempre hallo, en mi mortal porf\u00eda,<br \/>\nal cielo, sordo; a Clori, sin o\u00eddos.<\/p>\n<hr \/>\n<p><strong>\u00ab Interior \u2013 Anterior \u00bb\u00a0\u00a0\u00a0\u00a0 (p 45)\u00a0 10 \u201810<\/strong><\/p>\n<p><em>Voz en Off :<\/em><\/p>\n<p><em>Una foto es un fragmento de eternidad, el tiempo se ha detenido definitivamente.<br \/>\n\u00bfQui\u00e9n es fermata? \u00bfUna foto?<br \/>\n<\/em><em>Una mirada que espera, sin llorar.<br \/>\n<\/em><em>Se ve una planicie con una chica, sonriente, confiada<br \/>\n<\/em><em>mira hacia un costado, con su boina que cubre una parte<br \/>\n<\/em><em>de su cabello, como sus ojos, casta\u00f1o.<br \/>\n<\/em><em>Es bella, no es magn\u00edfica (s\u00f3lo bella)<br \/>\n<\/em><em>es bella, y joven, es la pureza misma.<br \/>\n<\/em><em>Es sonrisa y pureza.<br \/>\n<\/em><em>Antes, mucho antes, ya esta all\u00ed, con esa mirada, esos campos\u2026<br \/>\n<\/em><em>(es una foto imaginaria, la foto de una memoria que no es, que no fue,<br \/>\n<\/em><em>que no ha podido ser y no ser\u00e1)<\/em><\/p>\n<hr \/>\n<p><strong>\u00a0<\/strong><strong>\u00ab When I took my way \u00bb\u00a0 \u00a0(p 57)\u00a0 \u00a011\u201953 \u00a0 \u00a0 \u00a0 \u00a0 William \u00a0Shakespeare<\/strong><\/p>\n<p>How careful was I, when I took my way,<br \/>\nEach trifle under truest bars to thrust,<br \/>\nThat to my use it might unused stay<br \/>\nFrom hands of falsehood, in sure wards of trust!<br \/>\nBut thou, to whom my jewels trifles are,<br \/>\nMost worthy of comfort, now my greatest grief,<br \/>\nThou, best of dearest and mine only care,<br \/>\nArt left the prey of every vulgar thief.<\/p>\n<p>Thee have I not lock&#8217;d up in any chest,<br \/>\nSave where thou art not, though I feel thou art,<br \/>\nWithin the gentle closure of my breast,<br \/>\nFrom whence at pleasure thou mayst come and part;<br \/>\nAnd even thence thou wilt be stol&#8217;n, I fear,<br \/>\nFor truth proves thievish for a prize so dear.<strong>\u00a0<\/strong><\/p>\n<hr \/>\n<p><strong>\u00ab Una plegaria \u00bb \u00a0\u00a0\u00a0\u00a0\u00a0\u00a0\u00a0\u00a0\u00a0 15\u201913 \u00a0<\/strong><\/p>\n<p><strong>\u00a0<\/strong>Orationem meam \u2013 Exaudi<br \/>\nRequiem \u00e6ternam Dona eis.<\/p>\n<hr \/>\n<p><strong>\u00ab\u00a0Dadme se\u00f1ora\u00a0\u00bb\u00a0\u00a0\u00a0\u00a0 18\u201901 \u00a0\u00a0\u00a0\u00a0\u00a0\u00a0\u00a0\u00a0\u00a0\u00a0\u00a0\u00a0 \u00a0\u00a0\u00a0\u00a0\u00a0\u00a0\u00a0\u00a0\u00a0\u00a0\u00a0 Miguel de Cervantes<\/strong><\/p>\n<p>Dadme, se\u00f1ora, un t\u00e9rmino que siga,<br \/>\nconforme a vuestra voluntad cortado;<br \/>\nque ser\u00e1 de la m\u00eda as\u00ed estimado,<br \/>\nque por jam\u00e1s un punto de \u00e9l desdiga.<\/p>\n<p>Si gust\u00e1is que callando mi fatiga<br \/>\nmuera, contadme ya por acabado;<br \/>\nsi quer\u00e9is que os la cuente en desusado<br \/>\nmodo, har\u00e9 que el mismo Amor la diga.<\/p>\n<p>A prueba de contrarios estoy hecho<br \/>\nde blanda cera y de diamante duro,<br \/>\ny a leyes del Amor el alma ajusto.<br \/>\nBlando cual es, o fuerte, ofrezco el pecho;<br \/>\nentallad o imprimid lo que os d\u00e9 gusto;<br \/>\nque de guardarlo eternamente juro.<\/p>\n<hr \/>\n<p><strong>\u00ab\u00a0Al tempo I\u00a0\u00bb\u00a0\u00a0\u00a0\u00a0\u00a0\u00a0\u00a0\u00a0\u00a0\u00a0 22\u201904\u00a0\u00a0 \u00a0\u00a0\u00a0\u00a0\u00a0\u00a0\u00a0\u00a0\u00a0\u00a0\u00a0\u00a0\u00a0\u00a0\u00a0\u00a0\u00a0\u00a0\u00a0\u00a0\u00a0\u00a0\u00a0 Torquato Tasso<\/strong><\/p>\n<p><em><strong>El texto es cantado por Soprano y Mezzo y susurrado por los instrumentistas<\/strong><\/em><\/p>\n<p>Vecchio ed alato dio, nato col sole<br \/>\nad un parto medesmo e con le stelle,<br \/>\nche distruggi le cose e rinnovelle<br \/>\nmentre per t\u00f2rte vie v\u00f2le e riv\u00f2le.<strong>\u00a0<\/strong><\/p>\n<hr \/>\n<p><strong>\u00ab\u00a0Or I shall live\u00a0\u00bb\u00a0\u00a0\u00a0\u00a0\u00a0\u00a0 24\u201925\u00a0\u00a0\u00a0\u00a0\u00a0\u00a0\u00a0\u00a0\u00a0\u00a0\u00a0\u00a0\u00a0 \u00a0\u00a0\u00a0\u00a0\u00a0\u00a0\u00a0\u00a0\u00a0\u00a0\u00a0 \u00a0\u00a0\u00a0\u00a0\u00a0\u00a0\u00a0\u00a0\u00a0\u00a0\u00a0 William Shakespeare<\/strong><\/p>\n<p><strong><em>El texto es cantado por Soprano y Mezzo y susurrado por los parlantes.<\/em><\/strong><\/p>\n<p>Or I shall live your epitaph to make,<br \/>\nOr you survive when I in earth am rotten;<br \/>\nFrom hence your memory death cannot take,<br \/>\nAlthough in me each part will be forgotten.<\/p>\n<p>Your name from hence immortal life shall have,<br \/>\nThough I, once gone, to all the world must die:<br \/>\nThe earth can yield me but a common grave,<br \/>\nWhen you entombed in men&#8217;s eyes shall lie.<\/p>\n<p>Your monument shall be my gentle verse,<br \/>\nWhich eyes not yet created shall o&#8217;er-read,<br \/>\nAnd tongues to be your being shall rehears<br \/>\nWhen all the breathers of this world are dead;<br \/>\nYou still shall live&#8211;such virtue hath my pen&#8211;<br \/>\nWhere breath most breathes, even in the mouths of men.<\/p>\n<hr \/>\n<p><strong>\u00a0<\/strong><strong>\u00ab\u00a0Al tempo (final)\u00a0\u00bb \u00a0 27\u2019 13 \u00a0\u00a0\u00a0\u00a0\u00a0\u00a0\u00a0\u00a0\u00a0\u00a0\u00a0\u00a0\u00a0\u00a0\u00a0\u00a0\u00a0\u00a0\u00a0\u00a0\u00a0\u00a0\u00a0 \u00a0\u00a0\u00a0\u00a0\u00a0\u00a0\u00a0\u00a0\u00a0\u00a0\u00a0 Torquato Tasso<\/strong><\/p>\n<p><em>Cantado :<br \/>\n<\/em>il mio cor, che\u00a0 languendo egro si duole<br \/>\nnon ha, se non sei tu, chi piu &#8216;l console<\/p>\n<p><em>Voz en Off :<\/em><\/p>\n<p>des parachutes comme des copeaux de neige, un tigre bleu qui laisse voir sa patte derri\u00e8re la porte, un vaisseau g\u00e9ant, plein de lumi\u00e8res\u00a0; et une larme constante \u00e0 l&#8217;\u0153il droit\u2026<\/p>\n<p><em>\u00a0\u00a0\u00a0\u00a0\u00a0\u00a0\u00a0\u00a0\u00a0\u00a0\u00a0 Los textos entre par\u00e9ntesis no est\u00e1n incluidos en Fermata<\/em><\/p>\n<p>(Vecchio ed alato dio, nato col sole<br \/>\nad un parto medesmo e con le stelle,<br \/>\nche distruggi le cose e rinnovelle<br \/>\nmentre per t\u00f2rte vie v\u00f2le e riv\u00f2le,)<em>\u00a0<\/em><\/p>\n<p><em>Voix Off\u00a0:<\/em><\/p>\n<p>Y un \u00e1rbol crece.<\/p>\n<p>(Detr\u00e1s de la mascara sonriente) un \u00e1rbol crece sobre el vientre de la muerta; no se ve el cuerpo, pero el \u00e1rbol, presenta se\u00f1ales de extraer.<\/p>\n<p>Propulsa su mirada al cielo y hacia su cabellera sin hojas (es invierno) y extrae su sabia del vientre de una vida que ya no es.<\/p>\n<p>Todas las l\u00e1grimas regaron ese \u00e1rbol, para que un dia un p\u00e1jaro cante su despreocupado canto de amor en primavera.<\/p>\n<p><em>Cantado:<\/em><\/p>\n<p>il mio cor, che\u00a0 languendo egro si duole<br \/>\n(e che le cure sue spinose e felle<br \/>\ndopo mille argomenti una non svelle)<br \/>\nnon ha, se non sei tu, chi piu &#8216;l console<\/p>\n<p>(Tu ne sterpa i pensieri e\u00a0 di giocondo<br \/>\noblio\u00a0 spargi le piaghe,\u00a0 e tu disgombra<br \/>\nla frode onde son pieni i regi chiostri;<br \/>\ne tu la verit\u00e0 traggi dal fondo<br \/>\ndov&#8217;\u00e8 sommersa e, senza velo ed ombra,<br \/>\nignuda e bella gli occhi altrui si mostri.<\/p>\n<hr \/>\n<p><span style=\"color: #800000;\"><a style=\"color: #800000;\" href=\"https:\/\/luisnaon.com\/luisnaon\/?cat_ID=11\">[ Ciclo Urbana ]<br \/>\n<\/a><a style=\"color: #800000;\" href=\"https:\/\/luisnaon.com\/es\/category\/musica-de-camara\/\">[ M\u00fasica de c\u00e1mara ]<\/a><\/span><\/p>\n<p><\n<\/p>\n","protected":false},"excerpt":{"rendered":"<p>Para Soprano, Mezzosoprano, 2 clarinetes, trompa, viol\u00edn, viola, cello, contrabajo y electr\u00f3nica. Encargo del Estado Franc\u00e9s para el Itin\u00e9raire. circa 27 minutos. La composici\u00f3n de Fermata\u00a0 estaba originalmente prevista para ser una suerte de resumen del ciclo. Pese a que esta idea permanezca, de manera subyacente, el contenido de la obra fue fuertemente perturbado por &hellip; <a href=\"https:\/\/luisnaon.com\/es\/fermata-2010-urbana-24\/\" class=\"more-link\">Seguir leyendo <span class=\"screen-reader-text\">Fermata (2010) (Urbana 24)<\/span> <span class=\"meta-nav\">&rarr;<\/span><\/a><\/p>\n","protected":false},"author":2,"featured_media":0,"comment_status":"closed","ping_status":"closed","sticky":false,"template":"","format":"standard","meta":{"jetpack_post_was_ever_published":false,"_jetpack_newsletter_access":"","_jetpack_dont_email_post_to_subs":false,"_jetpack_newsletter_tier_id":0,"_jetpack_memberships_contains_paywalled_content":false,"_jetpack_memberships_contains_paid_content":false,"footnotes":""},"categories":[35,39,45],"tags":[],"class_list":["post-1452","post","type-post","status-publish","format-standard","hentry","category-ciclo-urbana","category-musica-de-camara","category-todas-las-obras"],"yoast_head":"<!-- This site is optimized with the Yoast SEO plugin v27.4 - https:\/\/yoast.com\/product\/yoast-seo-wordpress\/ -->\n<title>Fermata (2010) (Urbana 24) - Luis Na\u00f3n \/ compositeur<\/title>\n<meta name=\"robots\" content=\"index, follow, max-snippet:-1, max-image-preview:large, max-video-preview:-1\" \/>\n<link rel=\"canonical\" href=\"https:\/\/luisnaon.com\/es\/fermata-2010-urbana-24\/\" \/>\n<meta property=\"og:locale\" content=\"es_ES\" \/>\n<meta property=\"og:type\" content=\"article\" \/>\n<meta property=\"og:title\" content=\"Fermata (2010) (Urbana 24) - Luis Na\u00f3n \/ compositeur\" \/>\n<meta property=\"og:description\" content=\"Para Soprano, Mezzosoprano, 2 clarinetes, trompa, viol\u00edn, viola, cello, contrabajo y electr\u00f3nica. Encargo del Estado Franc\u00e9s para el Itin\u00e9raire. circa 27 minutos. La composici\u00f3n de Fermata\u00a0 estaba originalmente prevista para ser una suerte de resumen del ciclo. Pese a que esta idea permanezca, de manera subyacente, el contenido de la obra fue fuertemente perturbado por &hellip; Seguir leyendo Fermata (2010) (Urbana 24) &rarr;\" \/>\n<meta property=\"og:url\" content=\"https:\/\/luisnaon.com\/es\/fermata-2010-urbana-24\/\" \/>\n<meta property=\"og:site_name\" content=\"Luis Na\u00f3n \/ compositeur\" \/>\n<meta property=\"article:published_time\" content=\"2010-09-08T13:14:56+00:00\" \/>\n<meta property=\"article:modified_time\" content=\"2023-07-10T13:33:03+00:00\" \/>\n<meta name=\"author\" content=\"admin4luis\" \/>\n<meta name=\"twitter:label1\" content=\"Escrito por\" \/>\n\t<meta name=\"twitter:data1\" content=\"admin4luis\" \/>\n\t<meta name=\"twitter:label2\" content=\"Tiempo de lectura\" \/>\n\t<meta name=\"twitter:data2\" content=\"9 minutos\" \/>\n<script type=\"application\/ld+json\" class=\"yoast-schema-graph\">{\"@context\":\"https:\\\/\\\/schema.org\",\"@graph\":[{\"@type\":\"Article\",\"@id\":\"https:\\\/\\\/luisnaon.com\\\/es\\\/fermata-2010-urbana-24\\\/#article\",\"isPartOf\":{\"@id\":\"https:\\\/\\\/luisnaon.com\\\/es\\\/fermata-2010-urbana-24\\\/\"},\"author\":{\"name\":\"admin4luis\",\"@id\":\"https:\\\/\\\/luisnaon.com\\\/#\\\/schema\\\/person\\\/3972d8c1fd95485284e1cba0cba78f0f\"},\"headline\":\"Fermata (2010) (Urbana 24)\",\"datePublished\":\"2010-09-08T13:14:56+00:00\",\"dateModified\":\"2023-07-10T13:33:03+00:00\",\"mainEntityOfPage\":{\"@id\":\"https:\\\/\\\/luisnaon.com\\\/es\\\/fermata-2010-urbana-24\\\/\"},\"wordCount\":1673,\"articleSection\":[\"1. Ciclo: Urbana\",\"6. M\u00fasica de c\u00e1mara\",\"Todas las obras\"],\"inLanguage\":\"es\"},{\"@type\":\"WebPage\",\"@id\":\"https:\\\/\\\/luisnaon.com\\\/es\\\/fermata-2010-urbana-24\\\/\",\"url\":\"https:\\\/\\\/luisnaon.com\\\/es\\\/fermata-2010-urbana-24\\\/\",\"name\":\"Fermata (2010) (Urbana 24) - Luis Na\u00f3n \\\/ compositeur\",\"isPartOf\":{\"@id\":\"https:\\\/\\\/luisnaon.com\\\/#website\"},\"datePublished\":\"2010-09-08T13:14:56+00:00\",\"dateModified\":\"2023-07-10T13:33:03+00:00\",\"author\":{\"@id\":\"https:\\\/\\\/luisnaon.com\\\/#\\\/schema\\\/person\\\/3972d8c1fd95485284e1cba0cba78f0f\"},\"breadcrumb\":{\"@id\":\"https:\\\/\\\/luisnaon.com\\\/es\\\/fermata-2010-urbana-24\\\/#breadcrumb\"},\"inLanguage\":\"es\",\"potentialAction\":[{\"@type\":\"ReadAction\",\"target\":[\"https:\\\/\\\/luisnaon.com\\\/es\\\/fermata-2010-urbana-24\\\/\"]}]},{\"@type\":\"BreadcrumbList\",\"@id\":\"https:\\\/\\\/luisnaon.com\\\/es\\\/fermata-2010-urbana-24\\\/#breadcrumb\",\"itemListElement\":[{\"@type\":\"ListItem\",\"position\":1,\"name\":\"Accueil\",\"item\":\"https:\\\/\\\/luisnaon.com\\\/es\\\/\"},{\"@type\":\"ListItem\",\"position\":2,\"name\":\"Fermata (2010) (Urbana 24)\"}]},{\"@type\":\"WebSite\",\"@id\":\"https:\\\/\\\/luisnaon.com\\\/#website\",\"url\":\"https:\\\/\\\/luisnaon.com\\\/\",\"name\":\"Luis Na\u00f3n \\\/ compositeur\",\"description\":\"\",\"potentialAction\":[{\"@type\":\"SearchAction\",\"target\":{\"@type\":\"EntryPoint\",\"urlTemplate\":\"https:\\\/\\\/luisnaon.com\\\/?s={search_term_string}\"},\"query-input\":{\"@type\":\"PropertyValueSpecification\",\"valueRequired\":true,\"valueName\":\"search_term_string\"}}],\"inLanguage\":\"es\"},{\"@type\":\"Person\",\"@id\":\"https:\\\/\\\/luisnaon.com\\\/#\\\/schema\\\/person\\\/3972d8c1fd95485284e1cba0cba78f0f\",\"name\":\"admin4luis\",\"url\":\"https:\\\/\\\/luisnaon.com\\\/es\\\/author\\\/admin4luis\\\/\"}]}<\/script>\n<!-- \/ Yoast SEO plugin. -->","yoast_head_json":{"title":"Fermata (2010) (Urbana 24) - Luis Na\u00f3n \/ compositeur","robots":{"index":"index","follow":"follow","max-snippet":"max-snippet:-1","max-image-preview":"max-image-preview:large","max-video-preview":"max-video-preview:-1"},"canonical":"https:\/\/luisnaon.com\/es\/fermata-2010-urbana-24\/","og_locale":"es_ES","og_type":"article","og_title":"Fermata (2010) (Urbana 24) - Luis Na\u00f3n \/ compositeur","og_description":"Para Soprano, Mezzosoprano, 2 clarinetes, trompa, viol\u00edn, viola, cello, contrabajo y electr\u00f3nica. Encargo del Estado Franc\u00e9s para el Itin\u00e9raire. circa 27 minutos. La composici\u00f3n de Fermata\u00a0 estaba originalmente prevista para ser una suerte de resumen del ciclo. Pese a que esta idea permanezca, de manera subyacente, el contenido de la obra fue fuertemente perturbado por &hellip; Seguir leyendo Fermata (2010) (Urbana 24) &rarr;","og_url":"https:\/\/luisnaon.com\/es\/fermata-2010-urbana-24\/","og_site_name":"Luis Na\u00f3n \/ compositeur","article_published_time":"2010-09-08T13:14:56+00:00","article_modified_time":"2023-07-10T13:33:03+00:00","author":"admin4luis","twitter_misc":{"Escrito por":"admin4luis","Tiempo de lectura":"9 minutos"},"schema":{"@context":"https:\/\/schema.org","@graph":[{"@type":"Article","@id":"https:\/\/luisnaon.com\/es\/fermata-2010-urbana-24\/#article","isPartOf":{"@id":"https:\/\/luisnaon.com\/es\/fermata-2010-urbana-24\/"},"author":{"name":"admin4luis","@id":"https:\/\/luisnaon.com\/#\/schema\/person\/3972d8c1fd95485284e1cba0cba78f0f"},"headline":"Fermata (2010) (Urbana 24)","datePublished":"2010-09-08T13:14:56+00:00","dateModified":"2023-07-10T13:33:03+00:00","mainEntityOfPage":{"@id":"https:\/\/luisnaon.com\/es\/fermata-2010-urbana-24\/"},"wordCount":1673,"articleSection":["1. Ciclo: Urbana","6. M\u00fasica de c\u00e1mara","Todas las obras"],"inLanguage":"es"},{"@type":"WebPage","@id":"https:\/\/luisnaon.com\/es\/fermata-2010-urbana-24\/","url":"https:\/\/luisnaon.com\/es\/fermata-2010-urbana-24\/","name":"Fermata (2010) (Urbana 24) - Luis Na\u00f3n \/ compositeur","isPartOf":{"@id":"https:\/\/luisnaon.com\/#website"},"datePublished":"2010-09-08T13:14:56+00:00","dateModified":"2023-07-10T13:33:03+00:00","author":{"@id":"https:\/\/luisnaon.com\/#\/schema\/person\/3972d8c1fd95485284e1cba0cba78f0f"},"breadcrumb":{"@id":"https:\/\/luisnaon.com\/es\/fermata-2010-urbana-24\/#breadcrumb"},"inLanguage":"es","potentialAction":[{"@type":"ReadAction","target":["https:\/\/luisnaon.com\/es\/fermata-2010-urbana-24\/"]}]},{"@type":"BreadcrumbList","@id":"https:\/\/luisnaon.com\/es\/fermata-2010-urbana-24\/#breadcrumb","itemListElement":[{"@type":"ListItem","position":1,"name":"Accueil","item":"https:\/\/luisnaon.com\/es\/"},{"@type":"ListItem","position":2,"name":"Fermata (2010) (Urbana 24)"}]},{"@type":"WebSite","@id":"https:\/\/luisnaon.com\/#website","url":"https:\/\/luisnaon.com\/","name":"Luis Na\u00f3n \/ compositeur","description":"","potentialAction":[{"@type":"SearchAction","target":{"@type":"EntryPoint","urlTemplate":"https:\/\/luisnaon.com\/?s={search_term_string}"},"query-input":{"@type":"PropertyValueSpecification","valueRequired":true,"valueName":"search_term_string"}}],"inLanguage":"es"},{"@type":"Person","@id":"https:\/\/luisnaon.com\/#\/schema\/person\/3972d8c1fd95485284e1cba0cba78f0f","name":"admin4luis","url":"https:\/\/luisnaon.com\/es\/author\/admin4luis\/"}]}},"jetpack_featured_media_url":"","jetpack_sharing_enabled":true,"jetpack_shortlink":"https:\/\/wp.me\/p8dE3Z-nq","jetpack-related-posts":[],"_links":{"self":[{"href":"https:\/\/luisnaon.com\/es\/wp-json\/wp\/v2\/posts\/1452","targetHints":{"allow":["GET"]}}],"collection":[{"href":"https:\/\/luisnaon.com\/es\/wp-json\/wp\/v2\/posts"}],"about":[{"href":"https:\/\/luisnaon.com\/es\/wp-json\/wp\/v2\/types\/post"}],"author":[{"embeddable":true,"href":"https:\/\/luisnaon.com\/es\/wp-json\/wp\/v2\/users\/2"}],"replies":[{"embeddable":true,"href":"https:\/\/luisnaon.com\/es\/wp-json\/wp\/v2\/comments?post=1452"}],"version-history":[{"count":0,"href":"https:\/\/luisnaon.com\/es\/wp-json\/wp\/v2\/posts\/1452\/revisions"}],"wp:attachment":[{"href":"https:\/\/luisnaon.com\/es\/wp-json\/wp\/v2\/media?parent=1452"}],"wp:term":[{"taxonomy":"category","embeddable":true,"href":"https:\/\/luisnaon.com\/es\/wp-json\/wp\/v2\/categories?post=1452"},{"taxonomy":"post_tag","embeddable":true,"href":"https:\/\/luisnaon.com\/es\/wp-json\/wp\/v2\/tags?post=1452"}],"curies":[{"name":"wp","href":"https:\/\/api.w.org\/{rel}","templated":true}]}}