{"id":1559,"date":"1992-09-08T15:45:13","date_gmt":"1992-09-08T15:45:13","guid":{"rendered":"https:\/\/luisnaon.com\/?p=1559"},"modified":"2023-07-10T15:14:33","modified_gmt":"2023-07-10T15:14:33","slug":"declives-1992-urbana-23","status":"publish","type":"post","link":"https:\/\/luisnaon.com\/es\/declives-1992-urbana-23\/","title":{"rendered":"D\u00e9clives (1992) (Urbana 23)"},"content":{"rendered":"<p><strong>Para tuba (y tromb\u00f3n bajo), percusi\u00f3n y dispositivo electroac\u00fastico.<\/strong><\/p>\n<p><strong>D\u00e9clives<\/strong>\u00a0fue estrenada en junio de 1992 en la Chapelle Auguste Perret \u00e0 Arcueil.<\/p>\n<p>Por G\u00e9rard Buquet y Daniel Ciampollini.<br \/>\n<strong>Encargo del ensamble Interface<\/strong><br \/>\n<em>Duraci\u00f3n \u00a0: circa 18 min.<\/em><\/p>\n<p style=\"text-align: justify;\">En el origen de este trabajo, pensaba poner en relaci\u00f3n dos series de piezas cortas. La primera, una nueva versi\u00f3n de una obra mas antigua Declives, reescrita para Saxof\u00f3n bar\u00edtono y percusi\u00f3n. La idea era hacerla dialogar con Alto Voltango para vibr\u00e1fono y saxof\u00f3n alto.<\/p>\n<p><!--more--><\/p>\n<p style=\"text-align: justify;\"><strong>D\u00e9clives<\/strong>, realizada para <strong>G\u00e9rard Buquet<\/strong>\u00a0y <strong>Daniel Ciampollini<\/strong>, fue un encargo del ensamble Interface\u00a0para una Carta Blanca en junio de 1992.<\/p>\n<p style=\"text-align: justify;\">Esta es la nota de programa de aqu\u00e9lla creaci\u00f3n :<\/p>\n<p style=\"text-align: justify;\">En estos tiempos, en los que cada compositor pretende forjar su propio estilo, he querido explorarlos y apropi\u00e1rmelos. Pienso en el fondo que un sistema no e mas que una base de trabajo en la que la creaci\u00f3n debe seguir su libre curso. A partir del momento en el que el sistema se vuelve un cors\u00e9, hay que quit\u00e1rselo de encima. Existe en esta pieza otra noci\u00f3n de l\u00edmite, aquel que existe entre la m\u00fasica instrumental y la electroac\u00fastica.\u00a0<\/p>\n<p style=\"text-align: justify;\">Finalmente, y para rendir un homenaje al hombre que me ha guiado y continua gui\u00e1ndome a trav\u00e9s de su obra, cito un su propio comentario cuando aparecieron sus obras completas en la edici\u00f3n de 1977 : \u201c Felizmente, no nos debemos a una sola cultura, podemos aspirar a todas\u201d. Le debo tambi\u00e9n a uno de sus versos el t\u00edtulo de la pieza :<\/p>\n<p style=\"text-align: justify;\">\u201cDeclives de la m\u00fasica, la mas d\u00f3cil de las formas del tiempo (Jorge Luis Borges Mateo XXV \u2013 30)<\/p>\n<p style=\"text-align: justify;\">Esa multiplicidad en la unidad que esta en el centro de ese poema ha sido para mi una obsesi\u00f3n recurrente a largo de estos a\u00f1os. Creo que cuando hablo de multiplicidad de discursos musicales, de la simultaneidad de las l\u00edneas y de realidades es realidad me refiero a esas \u201ccosas\u201d que Borges enumera.<\/p>\n<p style=\"text-align: justify;\">A pesar de ser solo un d\u00fao, la escritura y la textura general de esta pieza es de dimensiones orquestales. El universo de la cinta magn\u00e9tica es siempre muy denso y los solistas se inscriben en ese tejido como si fuesen voces cuyo tono es a penas un poco mas elevado.<\/p>\n<p style=\"text-align: justify;\">Para la versi\u00f3n definitiva, en la cual varias pistas quedan por explorarse, conservo solo el I \u2013 III \u2013 IV y VI de los 6 originales.<\/p>\n<hr \/>\n<p><strong>D\u00e9clives<\/strong><br \/>\nCr\u00e9\u00e9e \u00e0 la Chapelle Auguste Perret Arcueil<br \/>\nEnregistrement Publique 1992<br \/>\nDaniel Ciampolini, percussion et G\u00e9rard Buquet, tuba.<\/p>\n<hr \/>\n<p><span style=\"color: #800000;\"><a style=\"color: #800000;\" href=\"https:\/\/luisnaon.com\/luisnaon\/?cat_ID=11\">[ Cycle Urbana ]<br \/>\n<\/a><a style=\"color: #800000;\" href=\"https:\/\/luisnaon.com\/es\/category\/musica-de-camara\/\">[ Musique de Chambre\u00a0]<\/a><\/span><\/p>\n","protected":false},"excerpt":{"rendered":"<p>Para tuba (y tromb\u00f3n bajo), percusi\u00f3n y dispositivo electroac\u00fastico. D\u00e9clives\u00a0fue estrenada en junio de 1992 en la Chapelle Auguste Perret \u00e0 Arcueil. Por G\u00e9rard Buquet y Daniel Ciampollini. Encargo del ensamble Interface Duraci\u00f3n \u00a0: circa 18 min. En el origen de este trabajo, pensaba poner en relaci\u00f3n dos series de piezas cortas. La primera, una &hellip; <a href=\"https:\/\/luisnaon.com\/es\/declives-1992-urbana-23\/\" class=\"more-link\">Seguir leyendo <span class=\"screen-reader-text\">D\u00e9clives (1992) (Urbana 23)<\/span> <span class=\"meta-nav\">&rarr;<\/span><\/a><\/p>\n","protected":false},"author":2,"featured_media":0,"comment_status":"closed","ping_status":"closed","sticky":false,"template":"","format":"standard","meta":{"jetpack_post_was_ever_published":false,"_jetpack_newsletter_access":"","_jetpack_dont_email_post_to_subs":false,"_jetpack_newsletter_tier_id":0,"_jetpack_memberships_contains_paywalled_content":false,"_jetpack_memberships_contains_paid_content":false,"footnotes":""},"categories":[35,39,45],"tags":[],"class_list":["post-1559","post","type-post","status-publish","format-standard","hentry","category-ciclo-urbana","category-musica-de-camara","category-todas-las-obras"],"yoast_head":"<!-- This site is optimized with the Yoast SEO plugin v27.4 - https:\/\/yoast.com\/product\/yoast-seo-wordpress\/ -->\n<title>D\u00e9clives (1992) (Urbana 23) - Luis Na\u00f3n \/ compositeur<\/title>\n<meta name=\"robots\" content=\"index, follow, max-snippet:-1, max-image-preview:large, max-video-preview:-1\" \/>\n<link rel=\"canonical\" href=\"https:\/\/luisnaon.com\/es\/declives-1992-urbana-23\/\" \/>\n<meta property=\"og:locale\" content=\"es_ES\" \/>\n<meta property=\"og:type\" content=\"article\" \/>\n<meta property=\"og:title\" content=\"D\u00e9clives (1992) (Urbana 23) - Luis Na\u00f3n \/ compositeur\" \/>\n<meta property=\"og:description\" content=\"Para tuba (y tromb\u00f3n bajo), percusi\u00f3n y dispositivo electroac\u00fastico. D\u00e9clives\u00a0fue estrenada en junio de 1992 en la Chapelle Auguste Perret \u00e0 Arcueil. Por G\u00e9rard Buquet y Daniel Ciampollini. Encargo del ensamble Interface Duraci\u00f3n \u00a0: circa 18 min. En el origen de este trabajo, pensaba poner en relaci\u00f3n dos series de piezas cortas. La primera, una &hellip; Seguir leyendo D\u00e9clives (1992) (Urbana 23) &rarr;\" \/>\n<meta property=\"og:url\" content=\"https:\/\/luisnaon.com\/es\/declives-1992-urbana-23\/\" \/>\n<meta property=\"og:site_name\" content=\"Luis Na\u00f3n \/ compositeur\" \/>\n<meta property=\"article:published_time\" content=\"1992-09-08T15:45:13+00:00\" \/>\n<meta property=\"article:modified_time\" content=\"2023-07-10T15:14:33+00:00\" \/>\n<meta name=\"author\" content=\"admin4luis\" \/>\n<meta name=\"twitter:label1\" content=\"Escrito por\" \/>\n\t<meta name=\"twitter:data1\" content=\"admin4luis\" \/>\n\t<meta name=\"twitter:label2\" content=\"Tiempo de lectura\" \/>\n\t<meta name=\"twitter:data2\" content=\"3 minutos\" \/>\n<script type=\"application\/ld+json\" class=\"yoast-schema-graph\">{\"@context\":\"https:\\\/\\\/schema.org\",\"@graph\":[{\"@type\":\"Article\",\"@id\":\"https:\\\/\\\/luisnaon.com\\\/es\\\/declives-1992-urbana-23\\\/#article\",\"isPartOf\":{\"@id\":\"https:\\\/\\\/luisnaon.com\\\/es\\\/declives-1992-urbana-23\\\/\"},\"author\":{\"name\":\"admin4luis\",\"@id\":\"https:\\\/\\\/luisnaon.com\\\/#\\\/schema\\\/person\\\/3972d8c1fd95485284e1cba0cba78f0f\"},\"headline\":\"D\u00e9clives (1992) (Urbana 23)\",\"datePublished\":\"1992-09-08T15:45:13+00:00\",\"dateModified\":\"2023-07-10T15:14:33+00:00\",\"mainEntityOfPage\":{\"@id\":\"https:\\\/\\\/luisnaon.com\\\/es\\\/declives-1992-urbana-23\\\/\"},\"wordCount\":455,\"articleSection\":[\"1. Ciclo: Urbana\",\"6. M\u00fasica de c\u00e1mara\",\"Todas las obras\"],\"inLanguage\":\"es\"},{\"@type\":\"WebPage\",\"@id\":\"https:\\\/\\\/luisnaon.com\\\/es\\\/declives-1992-urbana-23\\\/\",\"url\":\"https:\\\/\\\/luisnaon.com\\\/es\\\/declives-1992-urbana-23\\\/\",\"name\":\"D\u00e9clives (1992) (Urbana 23) - Luis Na\u00f3n \\\/ compositeur\",\"isPartOf\":{\"@id\":\"https:\\\/\\\/luisnaon.com\\\/#website\"},\"datePublished\":\"1992-09-08T15:45:13+00:00\",\"dateModified\":\"2023-07-10T15:14:33+00:00\",\"author\":{\"@id\":\"https:\\\/\\\/luisnaon.com\\\/#\\\/schema\\\/person\\\/3972d8c1fd95485284e1cba0cba78f0f\"},\"breadcrumb\":{\"@id\":\"https:\\\/\\\/luisnaon.com\\\/es\\\/declives-1992-urbana-23\\\/#breadcrumb\"},\"inLanguage\":\"es\",\"potentialAction\":[{\"@type\":\"ReadAction\",\"target\":[\"https:\\\/\\\/luisnaon.com\\\/es\\\/declives-1992-urbana-23\\\/\"]}]},{\"@type\":\"BreadcrumbList\",\"@id\":\"https:\\\/\\\/luisnaon.com\\\/es\\\/declives-1992-urbana-23\\\/#breadcrumb\",\"itemListElement\":[{\"@type\":\"ListItem\",\"position\":1,\"name\":\"Accueil\",\"item\":\"https:\\\/\\\/luisnaon.com\\\/es\\\/\"},{\"@type\":\"ListItem\",\"position\":2,\"name\":\"D\u00e9clives (1992) (Urbana 23)\"}]},{\"@type\":\"WebSite\",\"@id\":\"https:\\\/\\\/luisnaon.com\\\/#website\",\"url\":\"https:\\\/\\\/luisnaon.com\\\/\",\"name\":\"Luis Na\u00f3n \\\/ compositeur\",\"description\":\"\",\"potentialAction\":[{\"@type\":\"SearchAction\",\"target\":{\"@type\":\"EntryPoint\",\"urlTemplate\":\"https:\\\/\\\/luisnaon.com\\\/?s={search_term_string}\"},\"query-input\":{\"@type\":\"PropertyValueSpecification\",\"valueRequired\":true,\"valueName\":\"search_term_string\"}}],\"inLanguage\":\"es\"},{\"@type\":\"Person\",\"@id\":\"https:\\\/\\\/luisnaon.com\\\/#\\\/schema\\\/person\\\/3972d8c1fd95485284e1cba0cba78f0f\",\"name\":\"admin4luis\",\"url\":\"https:\\\/\\\/luisnaon.com\\\/es\\\/author\\\/admin4luis\\\/\"}]}<\/script>\n<!-- \/ Yoast SEO plugin. -->","yoast_head_json":{"title":"D\u00e9clives (1992) (Urbana 23) - Luis Na\u00f3n \/ compositeur","robots":{"index":"index","follow":"follow","max-snippet":"max-snippet:-1","max-image-preview":"max-image-preview:large","max-video-preview":"max-video-preview:-1"},"canonical":"https:\/\/luisnaon.com\/es\/declives-1992-urbana-23\/","og_locale":"es_ES","og_type":"article","og_title":"D\u00e9clives (1992) (Urbana 23) - Luis Na\u00f3n \/ compositeur","og_description":"Para tuba (y tromb\u00f3n bajo), percusi\u00f3n y dispositivo electroac\u00fastico. D\u00e9clives\u00a0fue estrenada en junio de 1992 en la Chapelle Auguste Perret \u00e0 Arcueil. Por G\u00e9rard Buquet y Daniel Ciampollini. Encargo del ensamble Interface Duraci\u00f3n \u00a0: circa 18 min. En el origen de este trabajo, pensaba poner en relaci\u00f3n dos series de piezas cortas. La primera, una &hellip; Seguir leyendo D\u00e9clives (1992) (Urbana 23) &rarr;","og_url":"https:\/\/luisnaon.com\/es\/declives-1992-urbana-23\/","og_site_name":"Luis Na\u00f3n \/ compositeur","article_published_time":"1992-09-08T15:45:13+00:00","article_modified_time":"2023-07-10T15:14:33+00:00","author":"admin4luis","twitter_misc":{"Escrito por":"admin4luis","Tiempo de lectura":"3 minutos"},"schema":{"@context":"https:\/\/schema.org","@graph":[{"@type":"Article","@id":"https:\/\/luisnaon.com\/es\/declives-1992-urbana-23\/#article","isPartOf":{"@id":"https:\/\/luisnaon.com\/es\/declives-1992-urbana-23\/"},"author":{"name":"admin4luis","@id":"https:\/\/luisnaon.com\/#\/schema\/person\/3972d8c1fd95485284e1cba0cba78f0f"},"headline":"D\u00e9clives (1992) (Urbana 23)","datePublished":"1992-09-08T15:45:13+00:00","dateModified":"2023-07-10T15:14:33+00:00","mainEntityOfPage":{"@id":"https:\/\/luisnaon.com\/es\/declives-1992-urbana-23\/"},"wordCount":455,"articleSection":["1. Ciclo: Urbana","6. M\u00fasica de c\u00e1mara","Todas las obras"],"inLanguage":"es"},{"@type":"WebPage","@id":"https:\/\/luisnaon.com\/es\/declives-1992-urbana-23\/","url":"https:\/\/luisnaon.com\/es\/declives-1992-urbana-23\/","name":"D\u00e9clives (1992) (Urbana 23) - Luis Na\u00f3n \/ compositeur","isPartOf":{"@id":"https:\/\/luisnaon.com\/#website"},"datePublished":"1992-09-08T15:45:13+00:00","dateModified":"2023-07-10T15:14:33+00:00","author":{"@id":"https:\/\/luisnaon.com\/#\/schema\/person\/3972d8c1fd95485284e1cba0cba78f0f"},"breadcrumb":{"@id":"https:\/\/luisnaon.com\/es\/declives-1992-urbana-23\/#breadcrumb"},"inLanguage":"es","potentialAction":[{"@type":"ReadAction","target":["https:\/\/luisnaon.com\/es\/declives-1992-urbana-23\/"]}]},{"@type":"BreadcrumbList","@id":"https:\/\/luisnaon.com\/es\/declives-1992-urbana-23\/#breadcrumb","itemListElement":[{"@type":"ListItem","position":1,"name":"Accueil","item":"https:\/\/luisnaon.com\/es\/"},{"@type":"ListItem","position":2,"name":"D\u00e9clives (1992) (Urbana 23)"}]},{"@type":"WebSite","@id":"https:\/\/luisnaon.com\/#website","url":"https:\/\/luisnaon.com\/","name":"Luis Na\u00f3n \/ compositeur","description":"","potentialAction":[{"@type":"SearchAction","target":{"@type":"EntryPoint","urlTemplate":"https:\/\/luisnaon.com\/?s={search_term_string}"},"query-input":{"@type":"PropertyValueSpecification","valueRequired":true,"valueName":"search_term_string"}}],"inLanguage":"es"},{"@type":"Person","@id":"https:\/\/luisnaon.com\/#\/schema\/person\/3972d8c1fd95485284e1cba0cba78f0f","name":"admin4luis","url":"https:\/\/luisnaon.com\/es\/author\/admin4luis\/"}]}},"jetpack_featured_media_url":"","jetpack_sharing_enabled":true,"jetpack_shortlink":"https:\/\/wp.me\/p8dE3Z-p9","jetpack-related-posts":[],"_links":{"self":[{"href":"https:\/\/luisnaon.com\/es\/wp-json\/wp\/v2\/posts\/1559","targetHints":{"allow":["GET"]}}],"collection":[{"href":"https:\/\/luisnaon.com\/es\/wp-json\/wp\/v2\/posts"}],"about":[{"href":"https:\/\/luisnaon.com\/es\/wp-json\/wp\/v2\/types\/post"}],"author":[{"embeddable":true,"href":"https:\/\/luisnaon.com\/es\/wp-json\/wp\/v2\/users\/2"}],"replies":[{"embeddable":true,"href":"https:\/\/luisnaon.com\/es\/wp-json\/wp\/v2\/comments?post=1559"}],"version-history":[{"count":0,"href":"https:\/\/luisnaon.com\/es\/wp-json\/wp\/v2\/posts\/1559\/revisions"}],"wp:attachment":[{"href":"https:\/\/luisnaon.com\/es\/wp-json\/wp\/v2\/media?parent=1559"}],"wp:term":[{"taxonomy":"category","embeddable":true,"href":"https:\/\/luisnaon.com\/es\/wp-json\/wp\/v2\/categories?post=1559"},{"taxonomy":"post_tag","embeddable":true,"href":"https:\/\/luisnaon.com\/es\/wp-json\/wp\/v2\/tags?post=1559"}],"curies":[{"name":"wp","href":"https:\/\/api.w.org\/{rel}","templated":true}]}}