{"id":1591,"date":"1989-09-09T12:21:35","date_gmt":"1989-09-09T12:21:35","guid":{"rendered":"https:\/\/luisnaon.com\/?p=1591"},"modified":"2025-02-17T13:31:49","modified_gmt":"2025-02-17T13:31:49","slug":"sombras-de-alucinaciones-y-muerte-1988-89","status":"publish","type":"post","link":"https:\/\/luisnaon.com\/es\/sombras-de-alucinaciones-y-muerte-1988-89\/","title":{"rendered":"SOMBRAS DE ALUCINACIONES Y MUERTE (1988\/89)"},"content":{"rendered":"<p><strong>Para violonchelo y orquesta.<\/strong><\/p>\n<p><img loading=\"lazy\" decoding=\"async\" class=\"alignleft\" src=\"https:\/\/1.bp.blogspot.com\/-FP3AC3TEdJQ\/T3Q3sSU50NI\/AAAAAAAACYQ\/BiC2lKmhA7w\/s1600\/Selk-nam2.jpg\" alt=\"\" width=\"1600\" height=\"1268\" \/>\u2019<\/p>\n<p style=\"text-align: justify;\">La obra es un homenaje a los <strong>Selk\u2019nam<\/strong>, la tribu que poblaba el sur de la Patagonia y la tierra del fuego, y de la cual la \u00faltima sobreviviente muri\u00f3 en 1998. Esta cultura, hoy en dia borrada del repertorio de la humanidad, subsiste s\u00f3lo a trav\u00e9s de muy pocos documentos grabados y algunas pinturas rupestres. Voluntariamente no he querido exhumar estos fragmentos musicales para la escritura de la obra, me he cernido a crear un lenguaje que hubiese podido pertenecerles. Una relaci\u00f3n al espacio sonoro, al universo arm\u00f3nico y t\u00edmbrico en el cual la emoci\u00f3n del sonido es la preocupaci\u00f3n principal. De esta idea extra-musical (o extremadamente musical!) nace la dial\u00e9ctica que establece la estructura de la pieza.<br \/>\nMas all\u00e1 de querer atraer la atenci\u00f3n sobre una reflexi\u00f3n m\u00edstica o filos\u00f3fica, he querido poner el acento en el lirismo y la poes\u00eda, sobre la emoci\u00f3n.<\/p>\n<p style=\"text-align: justify;\">Los principios de oposici\u00f3n y de complemento entre solista y orquesta est\u00e1n presentes a lo largo de toda la obra. La orquesta es muchas veces una imagen, una sombre, como una alucinaci\u00f3n de la parte solista. Volvi\u00e9ndose aut\u00f3noma, la sombra, emerge del mundo imaginario hacia el mundo real. Sombras reproduce, a trav\u00e9s de la dial\u00e9ctica solo\/orquesta la forma de un ritual reinventado.<\/p>\n<hr \/>\n<p><span style=\"color: #800000;\"><a style=\"color: #800000;\" href=\"https:\/\/luisnaon.com\/es\/category\/grandes-ensambles-orquesta\/\">[ Gran ensamble \/ Orquesta ]<\/a><\/span><\/p>\n<p><a href=\"https:\/\/luisnaon.com\/es\/category\/instrumento-solo-sonidos-grabados-o-electronica\/\">[ Instrumento solo con o sin electr\u00f3nica ]<\/a><\/p>\n","protected":false},"excerpt":{"rendered":"<p>Para violonchelo y orquesta. \u2019 La obra es un homenaje a los Selk\u2019nam, la tribu que poblaba el sur de la Patagonia y la tierra del fuego, y de la cual la \u00faltima sobreviviente muri\u00f3 en 1998. Esta cultura, hoy en dia borrada del repertorio de la humanidad, subsiste s\u00f3lo a trav\u00e9s de muy pocos &hellip; <a href=\"https:\/\/luisnaon.com\/es\/sombras-de-alucinaciones-y-muerte-1988-89\/\" class=\"more-link\">Seguir leyendo <span class=\"screen-reader-text\">SOMBRAS DE ALUCINACIONES Y MUERTE (1988\/89)<\/span> <span class=\"meta-nav\">&rarr;<\/span><\/a><\/p>\n","protected":false},"author":2,"featured_media":0,"comment_status":"closed","ping_status":"closed","sticky":false,"template":"","format":"standard","meta":{"jetpack_post_was_ever_published":false,"_jetpack_newsletter_access":"","_jetpack_dont_email_post_to_subs":false,"_jetpack_newsletter_tier_id":0,"_jetpack_memberships_contains_paywalled_content":false,"_jetpack_memberships_contains_paid_content":false,"footnotes":""},"categories":[38,41,45],"tags":[],"class_list":["post-1591","post","type-post","status-publish","format-standard","hentry","category-grandes-ensambles-orquesta","category-instrumento-solo-sonidos-grabados-o-electronica","category-todas-las-obras"],"yoast_head":"<!-- This site is optimized with the Yoast SEO plugin v27.4 - https:\/\/yoast.com\/product\/yoast-seo-wordpress\/ -->\n<title>SOMBRAS DE ALUCINACIONES Y MUERTE (1988\/89) - Luis Na\u00f3n \/ compositeur<\/title>\n<meta name=\"robots\" content=\"index, follow, max-snippet:-1, max-image-preview:large, max-video-preview:-1\" \/>\n<link rel=\"canonical\" href=\"https:\/\/luisnaon.com\/es\/sombras-de-alucinaciones-y-muerte-1988-89\/\" \/>\n<meta property=\"og:locale\" content=\"es_ES\" \/>\n<meta property=\"og:type\" content=\"article\" \/>\n<meta property=\"og:title\" content=\"SOMBRAS DE ALUCINACIONES Y MUERTE (1988\/89) - Luis Na\u00f3n \/ compositeur\" \/>\n<meta property=\"og:description\" content=\"Para violonchelo y orquesta. \u2019 La obra es un homenaje a los Selk\u2019nam, la tribu que poblaba el sur de la Patagonia y la tierra del fuego, y de la cual la \u00faltima sobreviviente muri\u00f3 en 1998. Esta cultura, hoy en dia borrada del repertorio de la humanidad, subsiste s\u00f3lo a trav\u00e9s de muy pocos &hellip; Seguir leyendo SOMBRAS DE ALUCINACIONES Y MUERTE (1988\/89) &rarr;\" \/>\n<meta property=\"og:url\" content=\"https:\/\/luisnaon.com\/es\/sombras-de-alucinaciones-y-muerte-1988-89\/\" \/>\n<meta property=\"og:site_name\" content=\"Luis Na\u00f3n \/ compositeur\" \/>\n<meta property=\"article:published_time\" content=\"1989-09-09T12:21:35+00:00\" \/>\n<meta property=\"article:modified_time\" content=\"2025-02-17T13:31:49+00:00\" \/>\n<meta property=\"og:image\" content=\"https:\/\/1.bp.blogspot.com\/-FP3AC3TEdJQ\/T3Q3sSU50NI\/AAAAAAAACYQ\/BiC2lKmhA7w\/s1600\/Selk-nam2.jpg\" \/>\n<meta name=\"author\" content=\"admin4luis\" \/>\n<meta name=\"twitter:label1\" content=\"Escrito por\" \/>\n\t<meta name=\"twitter:data1\" content=\"admin4luis\" \/>\n\t<meta name=\"twitter:label2\" content=\"Tiempo de lectura\" \/>\n\t<meta name=\"twitter:data2\" content=\"2 minutos\" \/>\n<script type=\"application\/ld+json\" class=\"yoast-schema-graph\">{\"@context\":\"https:\\\/\\\/schema.org\",\"@graph\":[{\"@type\":\"Article\",\"@id\":\"https:\\\/\\\/luisnaon.com\\\/es\\\/sombras-de-alucinaciones-y-muerte-1988-89\\\/#article\",\"isPartOf\":{\"@id\":\"https:\\\/\\\/luisnaon.com\\\/es\\\/sombras-de-alucinaciones-y-muerte-1988-89\\\/\"},\"author\":{\"name\":\"admin4luis\",\"@id\":\"https:\\\/\\\/luisnaon.com\\\/#\\\/schema\\\/person\\\/3972d8c1fd95485284e1cba0cba78f0f\"},\"headline\":\"SOMBRAS DE ALUCINACIONES Y MUERTE (1988\\\/89)\",\"datePublished\":\"1989-09-09T12:21:35+00:00\",\"dateModified\":\"2025-02-17T13:31:49+00:00\",\"mainEntityOfPage\":{\"@id\":\"https:\\\/\\\/luisnaon.com\\\/es\\\/sombras-de-alucinaciones-y-muerte-1988-89\\\/\"},\"wordCount\":249,\"image\":{\"@id\":\"https:\\\/\\\/luisnaon.com\\\/es\\\/sombras-de-alucinaciones-y-muerte-1988-89\\\/#primaryimage\"},\"thumbnailUrl\":\"https:\\\/\\\/1.bp.blogspot.com\\\/-FP3AC3TEdJQ\\\/T3Q3sSU50NI\\\/AAAAAAAACYQ\\\/BiC2lKmhA7w\\\/s1600\\\/Selk-nam2.jpg\",\"articleSection\":[\"4. Grandes Ensambles \\\/ Orquesta\",\"5. Instrumento solo \\\/ con o sin electr\u00f3nica\",\"Todas las obras\"],\"inLanguage\":\"es\"},{\"@type\":\"WebPage\",\"@id\":\"https:\\\/\\\/luisnaon.com\\\/es\\\/sombras-de-alucinaciones-y-muerte-1988-89\\\/\",\"url\":\"https:\\\/\\\/luisnaon.com\\\/es\\\/sombras-de-alucinaciones-y-muerte-1988-89\\\/\",\"name\":\"SOMBRAS DE ALUCINACIONES Y MUERTE (1988\\\/89) - Luis Na\u00f3n \\\/ compositeur\",\"isPartOf\":{\"@id\":\"https:\\\/\\\/luisnaon.com\\\/#website\"},\"primaryImageOfPage\":{\"@id\":\"https:\\\/\\\/luisnaon.com\\\/es\\\/sombras-de-alucinaciones-y-muerte-1988-89\\\/#primaryimage\"},\"image\":{\"@id\":\"https:\\\/\\\/luisnaon.com\\\/es\\\/sombras-de-alucinaciones-y-muerte-1988-89\\\/#primaryimage\"},\"thumbnailUrl\":\"https:\\\/\\\/1.bp.blogspot.com\\\/-FP3AC3TEdJQ\\\/T3Q3sSU50NI\\\/AAAAAAAACYQ\\\/BiC2lKmhA7w\\\/s1600\\\/Selk-nam2.jpg\",\"datePublished\":\"1989-09-09T12:21:35+00:00\",\"dateModified\":\"2025-02-17T13:31:49+00:00\",\"author\":{\"@id\":\"https:\\\/\\\/luisnaon.com\\\/#\\\/schema\\\/person\\\/3972d8c1fd95485284e1cba0cba78f0f\"},\"breadcrumb\":{\"@id\":\"https:\\\/\\\/luisnaon.com\\\/es\\\/sombras-de-alucinaciones-y-muerte-1988-89\\\/#breadcrumb\"},\"inLanguage\":\"es\",\"potentialAction\":[{\"@type\":\"ReadAction\",\"target\":[\"https:\\\/\\\/luisnaon.com\\\/es\\\/sombras-de-alucinaciones-y-muerte-1988-89\\\/\"]}]},{\"@type\":\"ImageObject\",\"inLanguage\":\"es\",\"@id\":\"https:\\\/\\\/luisnaon.com\\\/es\\\/sombras-de-alucinaciones-y-muerte-1988-89\\\/#primaryimage\",\"url\":\"https:\\\/\\\/1.bp.blogspot.com\\\/-FP3AC3TEdJQ\\\/T3Q3sSU50NI\\\/AAAAAAAACYQ\\\/BiC2lKmhA7w\\\/s1600\\\/Selk-nam2.jpg\",\"contentUrl\":\"https:\\\/\\\/1.bp.blogspot.com\\\/-FP3AC3TEdJQ\\\/T3Q3sSU50NI\\\/AAAAAAAACYQ\\\/BiC2lKmhA7w\\\/s1600\\\/Selk-nam2.jpg\"},{\"@type\":\"BreadcrumbList\",\"@id\":\"https:\\\/\\\/luisnaon.com\\\/es\\\/sombras-de-alucinaciones-y-muerte-1988-89\\\/#breadcrumb\",\"itemListElement\":[{\"@type\":\"ListItem\",\"position\":1,\"name\":\"Accueil\",\"item\":\"https:\\\/\\\/luisnaon.com\\\/es\\\/\"},{\"@type\":\"ListItem\",\"position\":2,\"name\":\"SOMBRAS DE ALUCINACIONES Y MUERTE (1988\\\/89)\"}]},{\"@type\":\"WebSite\",\"@id\":\"https:\\\/\\\/luisnaon.com\\\/#website\",\"url\":\"https:\\\/\\\/luisnaon.com\\\/\",\"name\":\"Luis Na\u00f3n \\\/ compositeur\",\"description\":\"\",\"potentialAction\":[{\"@type\":\"SearchAction\",\"target\":{\"@type\":\"EntryPoint\",\"urlTemplate\":\"https:\\\/\\\/luisnaon.com\\\/?s={search_term_string}\"},\"query-input\":{\"@type\":\"PropertyValueSpecification\",\"valueRequired\":true,\"valueName\":\"search_term_string\"}}],\"inLanguage\":\"es\"},{\"@type\":\"Person\",\"@id\":\"https:\\\/\\\/luisnaon.com\\\/#\\\/schema\\\/person\\\/3972d8c1fd95485284e1cba0cba78f0f\",\"name\":\"admin4luis\",\"url\":\"https:\\\/\\\/luisnaon.com\\\/es\\\/author\\\/admin4luis\\\/\"}]}<\/script>\n<!-- \/ Yoast SEO plugin. -->","yoast_head_json":{"title":"SOMBRAS DE ALUCINACIONES Y MUERTE (1988\/89) - Luis Na\u00f3n \/ compositeur","robots":{"index":"index","follow":"follow","max-snippet":"max-snippet:-1","max-image-preview":"max-image-preview:large","max-video-preview":"max-video-preview:-1"},"canonical":"https:\/\/luisnaon.com\/es\/sombras-de-alucinaciones-y-muerte-1988-89\/","og_locale":"es_ES","og_type":"article","og_title":"SOMBRAS DE ALUCINACIONES Y MUERTE (1988\/89) - Luis Na\u00f3n \/ compositeur","og_description":"Para violonchelo y orquesta. \u2019 La obra es un homenaje a los Selk\u2019nam, la tribu que poblaba el sur de la Patagonia y la tierra del fuego, y de la cual la \u00faltima sobreviviente muri\u00f3 en 1998. Esta cultura, hoy en dia borrada del repertorio de la humanidad, subsiste s\u00f3lo a trav\u00e9s de muy pocos &hellip; Seguir leyendo SOMBRAS DE ALUCINACIONES Y MUERTE (1988\/89) &rarr;","og_url":"https:\/\/luisnaon.com\/es\/sombras-de-alucinaciones-y-muerte-1988-89\/","og_site_name":"Luis Na\u00f3n \/ compositeur","article_published_time":"1989-09-09T12:21:35+00:00","article_modified_time":"2025-02-17T13:31:49+00:00","og_image":[{"url":"https:\/\/1.bp.blogspot.com\/-FP3AC3TEdJQ\/T3Q3sSU50NI\/AAAAAAAACYQ\/BiC2lKmhA7w\/s1600\/Selk-nam2.jpg","type":"","width":"","height":""}],"author":"admin4luis","twitter_misc":{"Escrito por":"admin4luis","Tiempo de lectura":"2 minutos"},"schema":{"@context":"https:\/\/schema.org","@graph":[{"@type":"Article","@id":"https:\/\/luisnaon.com\/es\/sombras-de-alucinaciones-y-muerte-1988-89\/#article","isPartOf":{"@id":"https:\/\/luisnaon.com\/es\/sombras-de-alucinaciones-y-muerte-1988-89\/"},"author":{"name":"admin4luis","@id":"https:\/\/luisnaon.com\/#\/schema\/person\/3972d8c1fd95485284e1cba0cba78f0f"},"headline":"SOMBRAS DE ALUCINACIONES Y MUERTE (1988\/89)","datePublished":"1989-09-09T12:21:35+00:00","dateModified":"2025-02-17T13:31:49+00:00","mainEntityOfPage":{"@id":"https:\/\/luisnaon.com\/es\/sombras-de-alucinaciones-y-muerte-1988-89\/"},"wordCount":249,"image":{"@id":"https:\/\/luisnaon.com\/es\/sombras-de-alucinaciones-y-muerte-1988-89\/#primaryimage"},"thumbnailUrl":"https:\/\/1.bp.blogspot.com\/-FP3AC3TEdJQ\/T3Q3sSU50NI\/AAAAAAAACYQ\/BiC2lKmhA7w\/s1600\/Selk-nam2.jpg","articleSection":["4. Grandes Ensambles \/ Orquesta","5. Instrumento solo \/ con o sin electr\u00f3nica","Todas las obras"],"inLanguage":"es"},{"@type":"WebPage","@id":"https:\/\/luisnaon.com\/es\/sombras-de-alucinaciones-y-muerte-1988-89\/","url":"https:\/\/luisnaon.com\/es\/sombras-de-alucinaciones-y-muerte-1988-89\/","name":"SOMBRAS DE ALUCINACIONES Y MUERTE (1988\/89) - Luis Na\u00f3n \/ compositeur","isPartOf":{"@id":"https:\/\/luisnaon.com\/#website"},"primaryImageOfPage":{"@id":"https:\/\/luisnaon.com\/es\/sombras-de-alucinaciones-y-muerte-1988-89\/#primaryimage"},"image":{"@id":"https:\/\/luisnaon.com\/es\/sombras-de-alucinaciones-y-muerte-1988-89\/#primaryimage"},"thumbnailUrl":"https:\/\/1.bp.blogspot.com\/-FP3AC3TEdJQ\/T3Q3sSU50NI\/AAAAAAAACYQ\/BiC2lKmhA7w\/s1600\/Selk-nam2.jpg","datePublished":"1989-09-09T12:21:35+00:00","dateModified":"2025-02-17T13:31:49+00:00","author":{"@id":"https:\/\/luisnaon.com\/#\/schema\/person\/3972d8c1fd95485284e1cba0cba78f0f"},"breadcrumb":{"@id":"https:\/\/luisnaon.com\/es\/sombras-de-alucinaciones-y-muerte-1988-89\/#breadcrumb"},"inLanguage":"es","potentialAction":[{"@type":"ReadAction","target":["https:\/\/luisnaon.com\/es\/sombras-de-alucinaciones-y-muerte-1988-89\/"]}]},{"@type":"ImageObject","inLanguage":"es","@id":"https:\/\/luisnaon.com\/es\/sombras-de-alucinaciones-y-muerte-1988-89\/#primaryimage","url":"https:\/\/1.bp.blogspot.com\/-FP3AC3TEdJQ\/T3Q3sSU50NI\/AAAAAAAACYQ\/BiC2lKmhA7w\/s1600\/Selk-nam2.jpg","contentUrl":"https:\/\/1.bp.blogspot.com\/-FP3AC3TEdJQ\/T3Q3sSU50NI\/AAAAAAAACYQ\/BiC2lKmhA7w\/s1600\/Selk-nam2.jpg"},{"@type":"BreadcrumbList","@id":"https:\/\/luisnaon.com\/es\/sombras-de-alucinaciones-y-muerte-1988-89\/#breadcrumb","itemListElement":[{"@type":"ListItem","position":1,"name":"Accueil","item":"https:\/\/luisnaon.com\/es\/"},{"@type":"ListItem","position":2,"name":"SOMBRAS DE ALUCINACIONES Y MUERTE (1988\/89)"}]},{"@type":"WebSite","@id":"https:\/\/luisnaon.com\/#website","url":"https:\/\/luisnaon.com\/","name":"Luis Na\u00f3n \/ compositeur","description":"","potentialAction":[{"@type":"SearchAction","target":{"@type":"EntryPoint","urlTemplate":"https:\/\/luisnaon.com\/?s={search_term_string}"},"query-input":{"@type":"PropertyValueSpecification","valueRequired":true,"valueName":"search_term_string"}}],"inLanguage":"es"},{"@type":"Person","@id":"https:\/\/luisnaon.com\/#\/schema\/person\/3972d8c1fd95485284e1cba0cba78f0f","name":"admin4luis","url":"https:\/\/luisnaon.com\/es\/author\/admin4luis\/"}]}},"jetpack_featured_media_url":"","jetpack_sharing_enabled":true,"jetpack_shortlink":"https:\/\/wp.me\/p8dE3Z-pF","jetpack-related-posts":[],"_links":{"self":[{"href":"https:\/\/luisnaon.com\/es\/wp-json\/wp\/v2\/posts\/1591","targetHints":{"allow":["GET"]}}],"collection":[{"href":"https:\/\/luisnaon.com\/es\/wp-json\/wp\/v2\/posts"}],"about":[{"href":"https:\/\/luisnaon.com\/es\/wp-json\/wp\/v2\/types\/post"}],"author":[{"embeddable":true,"href":"https:\/\/luisnaon.com\/es\/wp-json\/wp\/v2\/users\/2"}],"replies":[{"embeddable":true,"href":"https:\/\/luisnaon.com\/es\/wp-json\/wp\/v2\/comments?post=1591"}],"version-history":[{"count":1,"href":"https:\/\/luisnaon.com\/es\/wp-json\/wp\/v2\/posts\/1591\/revisions"}],"predecessor-version":[{"id":2806,"href":"https:\/\/luisnaon.com\/es\/wp-json\/wp\/v2\/posts\/1591\/revisions\/2806"}],"wp:attachment":[{"href":"https:\/\/luisnaon.com\/es\/wp-json\/wp\/v2\/media?parent=1591"}],"wp:term":[{"taxonomy":"category","embeddable":true,"href":"https:\/\/luisnaon.com\/es\/wp-json\/wp\/v2\/categories?post=1591"},{"taxonomy":"post_tag","embeddable":true,"href":"https:\/\/luisnaon.com\/es\/wp-json\/wp\/v2\/tags?post=1591"}],"curies":[{"name":"wp","href":"https:\/\/api.w.org\/{rel}","templated":true}]}}