{"id":1616,"date":"2013-09-09T12:54:04","date_gmt":"2013-09-09T12:54:04","guid":{"rendered":"https:\/\/luisnaon.com\/?p=1616"},"modified":"2023-07-10T13:09:47","modified_gmt":"2023-07-10T13:09:47","slug":"clairiere-ii-2013-urbana-14-b","status":"publish","type":"post","link":"https:\/\/luisnaon.com\/es\/clairiere-ii-2013-urbana-14-b\/","title":{"rendered":"Clairi\u00e8re II (2013) (Urbana 14.b)"},"content":{"rendered":"<p><strong>Para clarinette solo<\/strong><\/p>\n<p><em>circa 6 min 40<\/em><\/p>\n<p>Se trata de una versi\u00f3n para clarinete solo, m\u00e1s corta, de <strong>Clairi\u00e8re<\/strong>. Realic\u00e9 esta versi\u00f3n a pedido de <strong>Philippe Berrod<\/strong>. <br \/>\nLa obra, as\u00ed como la primera versi\u00f3n le est\u00e1 dedicada.<\/p>\n<p>Publicada en Babelscores.<\/p>\n<p align=\"left\"><img loading=\"lazy\" decoding=\"async\" src=\"https:\/\/luisnaon.com\/wp-content\/uploads\/2014\/10\/logo_babel_copie.png\" usemap=\"#Map\" width=\"170\" height=\"40\" border=\"0\" \/><\/p>\n<hr \/>\n<map id=\"Map\" name=\"Map\">\n<area coords=\"10,6,243,57\" shape=\"rect\" href=\"https:\/\/www.babelscores.com\/fr\" target=\"_blank\" \/>\n <\/map>\n<\/p>\n<hr \/>\n<h6 style=\"text-align: left;\"><span style=\"color: #800000;\">Clairi\u00e8re &#8211;\u00a0Luis Na\u00f3n<br \/>\nElodie Roudet, <em>clarinette<\/em><\/span><\/h6>\n<p><span class=\"embed-youtube\" style=\"text-align:center; display: block;\"><iframe loading=\"lazy\" class=\"youtube-player\" width=\"474\" height=\"267\" src=\"https:\/\/www.youtube.com\/embed\/0wIQBbpo5vc?version=3&#038;rel=1&#038;showsearch=0&#038;showinfo=1&#038;iv_load_policy=1&#038;fs=1&#038;hl=es-ES&#038;autohide=2&#038;wmode=transparent\" allowfullscreen=\"true\" style=\"border:0;\" sandbox=\"allow-scripts allow-same-origin allow-popups allow-presentation allow-popups-to-escape-sandbox\"><\/iframe><\/span><\/p>\n<hr \/>\n<p><a style=\"color: #800000;\" href=\"\/luisnaon\/?cat_ID=11\">[ Ciclo Urbana ]<br \/>\n<\/a><a style=\"color: #800000;\" href=\"\/luisnaon\/?cat_ID=5\">[ Instrumento solo \/con o sin electr\u00f3nica ]<\/a><\/p>\n<p><!--more--><\/p>\n","protected":false},"excerpt":{"rendered":"<p>Para clarinette solo circa 6 min 40 Se trata de una versi\u00f3n para clarinete solo, m\u00e1s corta, de Clairi\u00e8re. Realic\u00e9 esta versi\u00f3n a pedido de Philippe Berrod. La obra, as\u00ed como la primera versi\u00f3n le est\u00e1 dedicada. Publicada en Babelscores. Clairi\u00e8re &#8211;\u00a0Luis Na\u00f3n Elodie Roudet, clarinette [ Ciclo Urbana ] [ Instrumento solo \/con o &hellip; <a href=\"https:\/\/luisnaon.com\/es\/clairiere-ii-2013-urbana-14-b\/\" class=\"more-link\">Seguir leyendo <span class=\"screen-reader-text\">Clairi\u00e8re II (2013) (Urbana 14.b)<\/span> <span class=\"meta-nav\">&rarr;<\/span><\/a><\/p>\n","protected":false},"author":2,"featured_media":0,"comment_status":"closed","ping_status":"closed","sticky":false,"template":"","format":"standard","meta":{"jetpack_post_was_ever_published":false,"_jetpack_newsletter_access":"","_jetpack_dont_email_post_to_subs":false,"_jetpack_newsletter_tier_id":0,"_jetpack_memberships_contains_paywalled_content":false,"_jetpack_memberships_contains_paid_content":false,"footnotes":""},"categories":[35,41,45],"tags":[],"class_list":["post-1616","post","type-post","status-publish","format-standard","hentry","category-ciclo-urbana","category-instrumento-solo-sonidos-grabados-o-electronica","category-todas-las-obras"],"yoast_head":"<!-- This site is optimized with the Yoast SEO plugin v27.4 - https:\/\/yoast.com\/product\/yoast-seo-wordpress\/ -->\n<title>Clairi\u00e8re II (2013) (Urbana 14.b) - Luis Na\u00f3n \/ compositeur<\/title>\n<meta name=\"robots\" content=\"index, follow, max-snippet:-1, max-image-preview:large, max-video-preview:-1\" \/>\n<link rel=\"canonical\" href=\"https:\/\/luisnaon.com\/es\/clairiere-ii-2013-urbana-14-b\/\" \/>\n<meta property=\"og:locale\" content=\"es_ES\" \/>\n<meta property=\"og:type\" content=\"article\" \/>\n<meta property=\"og:title\" content=\"Clairi\u00e8re II (2013) (Urbana 14.b) - Luis Na\u00f3n \/ compositeur\" \/>\n<meta property=\"og:description\" content=\"Para clarinette solo circa 6 min 40 Se trata de una versi\u00f3n para clarinete solo, m\u00e1s corta, de Clairi\u00e8re. Realic\u00e9 esta versi\u00f3n a pedido de Philippe Berrod. La obra, as\u00ed como la primera versi\u00f3n le est\u00e1 dedicada. Publicada en Babelscores. Clairi\u00e8re &#8211;\u00a0Luis Na\u00f3n Elodie Roudet, clarinette [ Ciclo Urbana ] [ Instrumento solo \/con o &hellip; Seguir leyendo Clairi\u00e8re II (2013) (Urbana 14.b) &rarr;\" \/>\n<meta property=\"og:url\" content=\"https:\/\/luisnaon.com\/es\/clairiere-ii-2013-urbana-14-b\/\" \/>\n<meta property=\"og:site_name\" content=\"Luis Na\u00f3n \/ compositeur\" \/>\n<meta property=\"article:published_time\" content=\"2013-09-09T12:54:04+00:00\" \/>\n<meta property=\"article:modified_time\" content=\"2023-07-10T13:09:47+00:00\" \/>\n<meta property=\"og:image\" content=\"https:\/\/luisnaon.com\/wp-content\/uploads\/2014\/10\/logo_babel_copie.png\" \/>\n<meta name=\"author\" content=\"admin4luis\" \/>\n<meta name=\"twitter:label1\" content=\"Escrito por\" \/>\n\t<meta name=\"twitter:data1\" content=\"admin4luis\" \/>\n\t<meta name=\"twitter:label2\" content=\"Tiempo de lectura\" \/>\n\t<meta name=\"twitter:data2\" content=\"1 minuto\" \/>\n<script type=\"application\/ld+json\" class=\"yoast-schema-graph\">{\"@context\":\"https:\\\/\\\/schema.org\",\"@graph\":[{\"@type\":\"Article\",\"@id\":\"https:\\\/\\\/luisnaon.com\\\/es\\\/clairiere-ii-2013-urbana-14-b\\\/#article\",\"isPartOf\":{\"@id\":\"https:\\\/\\\/luisnaon.com\\\/es\\\/clairiere-ii-2013-urbana-14-b\\\/\"},\"author\":{\"name\":\"admin4luis\",\"@id\":\"https:\\\/\\\/luisnaon.com\\\/#\\\/schema\\\/person\\\/3972d8c1fd95485284e1cba0cba78f0f\"},\"headline\":\"Clairi\u00e8re II (2013) (Urbana 14.b)\",\"datePublished\":\"2013-09-09T12:54:04+00:00\",\"dateModified\":\"2023-07-10T13:09:47+00:00\",\"mainEntityOfPage\":{\"@id\":\"https:\\\/\\\/luisnaon.com\\\/es\\\/clairiere-ii-2013-urbana-14-b\\\/\"},\"wordCount\":73,\"image\":{\"@id\":\"https:\\\/\\\/luisnaon.com\\\/es\\\/clairiere-ii-2013-urbana-14-b\\\/#primaryimage\"},\"thumbnailUrl\":\"https:\\\/\\\/luisnaon.com\\\/wp-content\\\/uploads\\\/2014\\\/10\\\/logo_babel_copie.png\",\"articleSection\":[\"1. Ciclo: Urbana\",\"5. Instrumento solo \\\/ con o sin electr\u00f3nica\",\"Todas las obras\"],\"inLanguage\":\"es\"},{\"@type\":\"WebPage\",\"@id\":\"https:\\\/\\\/luisnaon.com\\\/es\\\/clairiere-ii-2013-urbana-14-b\\\/\",\"url\":\"https:\\\/\\\/luisnaon.com\\\/es\\\/clairiere-ii-2013-urbana-14-b\\\/\",\"name\":\"Clairi\u00e8re II (2013) (Urbana 14.b) - Luis Na\u00f3n \\\/ compositeur\",\"isPartOf\":{\"@id\":\"https:\\\/\\\/luisnaon.com\\\/#website\"},\"primaryImageOfPage\":{\"@id\":\"https:\\\/\\\/luisnaon.com\\\/es\\\/clairiere-ii-2013-urbana-14-b\\\/#primaryimage\"},\"image\":{\"@id\":\"https:\\\/\\\/luisnaon.com\\\/es\\\/clairiere-ii-2013-urbana-14-b\\\/#primaryimage\"},\"thumbnailUrl\":\"https:\\\/\\\/luisnaon.com\\\/wp-content\\\/uploads\\\/2014\\\/10\\\/logo_babel_copie.png\",\"datePublished\":\"2013-09-09T12:54:04+00:00\",\"dateModified\":\"2023-07-10T13:09:47+00:00\",\"author\":{\"@id\":\"https:\\\/\\\/luisnaon.com\\\/#\\\/schema\\\/person\\\/3972d8c1fd95485284e1cba0cba78f0f\"},\"breadcrumb\":{\"@id\":\"https:\\\/\\\/luisnaon.com\\\/es\\\/clairiere-ii-2013-urbana-14-b\\\/#breadcrumb\"},\"inLanguage\":\"es\",\"potentialAction\":[{\"@type\":\"ReadAction\",\"target\":[\"https:\\\/\\\/luisnaon.com\\\/es\\\/clairiere-ii-2013-urbana-14-b\\\/\"]}]},{\"@type\":\"ImageObject\",\"inLanguage\":\"es\",\"@id\":\"https:\\\/\\\/luisnaon.com\\\/es\\\/clairiere-ii-2013-urbana-14-b\\\/#primaryimage\",\"url\":\"https:\\\/\\\/luisnaon.com\\\/wp-content\\\/uploads\\\/2014\\\/10\\\/logo_babel_copie.png\",\"contentUrl\":\"https:\\\/\\\/luisnaon.com\\\/wp-content\\\/uploads\\\/2014\\\/10\\\/logo_babel_copie.png\"},{\"@type\":\"BreadcrumbList\",\"@id\":\"https:\\\/\\\/luisnaon.com\\\/es\\\/clairiere-ii-2013-urbana-14-b\\\/#breadcrumb\",\"itemListElement\":[{\"@type\":\"ListItem\",\"position\":1,\"name\":\"Accueil\",\"item\":\"https:\\\/\\\/luisnaon.com\\\/es\\\/\"},{\"@type\":\"ListItem\",\"position\":2,\"name\":\"Clairi\u00e8re II (2013) (Urbana 14.b)\"}]},{\"@type\":\"WebSite\",\"@id\":\"https:\\\/\\\/luisnaon.com\\\/#website\",\"url\":\"https:\\\/\\\/luisnaon.com\\\/\",\"name\":\"Luis Na\u00f3n \\\/ compositeur\",\"description\":\"\",\"potentialAction\":[{\"@type\":\"SearchAction\",\"target\":{\"@type\":\"EntryPoint\",\"urlTemplate\":\"https:\\\/\\\/luisnaon.com\\\/?s={search_term_string}\"},\"query-input\":{\"@type\":\"PropertyValueSpecification\",\"valueRequired\":true,\"valueName\":\"search_term_string\"}}],\"inLanguage\":\"es\"},{\"@type\":\"Person\",\"@id\":\"https:\\\/\\\/luisnaon.com\\\/#\\\/schema\\\/person\\\/3972d8c1fd95485284e1cba0cba78f0f\",\"name\":\"admin4luis\",\"url\":\"https:\\\/\\\/luisnaon.com\\\/es\\\/author\\\/admin4luis\\\/\"}]}<\/script>\n<!-- \/ Yoast SEO plugin. -->","yoast_head_json":{"title":"Clairi\u00e8re II (2013) (Urbana 14.b) - Luis Na\u00f3n \/ compositeur","robots":{"index":"index","follow":"follow","max-snippet":"max-snippet:-1","max-image-preview":"max-image-preview:large","max-video-preview":"max-video-preview:-1"},"canonical":"https:\/\/luisnaon.com\/es\/clairiere-ii-2013-urbana-14-b\/","og_locale":"es_ES","og_type":"article","og_title":"Clairi\u00e8re II (2013) (Urbana 14.b) - Luis Na\u00f3n \/ compositeur","og_description":"Para clarinette solo circa 6 min 40 Se trata de una versi\u00f3n para clarinete solo, m\u00e1s corta, de Clairi\u00e8re. Realic\u00e9 esta versi\u00f3n a pedido de Philippe Berrod. La obra, as\u00ed como la primera versi\u00f3n le est\u00e1 dedicada. Publicada en Babelscores. Clairi\u00e8re &#8211;\u00a0Luis Na\u00f3n Elodie Roudet, clarinette [ Ciclo Urbana ] [ Instrumento solo \/con o &hellip; Seguir leyendo Clairi\u00e8re II (2013) (Urbana 14.b) &rarr;","og_url":"https:\/\/luisnaon.com\/es\/clairiere-ii-2013-urbana-14-b\/","og_site_name":"Luis Na\u00f3n \/ compositeur","article_published_time":"2013-09-09T12:54:04+00:00","article_modified_time":"2023-07-10T13:09:47+00:00","og_image":[{"url":"https:\/\/luisnaon.com\/wp-content\/uploads\/2014\/10\/logo_babel_copie.png","type":"","width":"","height":""}],"author":"admin4luis","twitter_misc":{"Escrito por":"admin4luis","Tiempo de lectura":"1 minuto"},"schema":{"@context":"https:\/\/schema.org","@graph":[{"@type":"Article","@id":"https:\/\/luisnaon.com\/es\/clairiere-ii-2013-urbana-14-b\/#article","isPartOf":{"@id":"https:\/\/luisnaon.com\/es\/clairiere-ii-2013-urbana-14-b\/"},"author":{"name":"admin4luis","@id":"https:\/\/luisnaon.com\/#\/schema\/person\/3972d8c1fd95485284e1cba0cba78f0f"},"headline":"Clairi\u00e8re II (2013) (Urbana 14.b)","datePublished":"2013-09-09T12:54:04+00:00","dateModified":"2023-07-10T13:09:47+00:00","mainEntityOfPage":{"@id":"https:\/\/luisnaon.com\/es\/clairiere-ii-2013-urbana-14-b\/"},"wordCount":73,"image":{"@id":"https:\/\/luisnaon.com\/es\/clairiere-ii-2013-urbana-14-b\/#primaryimage"},"thumbnailUrl":"https:\/\/luisnaon.com\/wp-content\/uploads\/2014\/10\/logo_babel_copie.png","articleSection":["1. Ciclo: Urbana","5. Instrumento solo \/ con o sin electr\u00f3nica","Todas las obras"],"inLanguage":"es"},{"@type":"WebPage","@id":"https:\/\/luisnaon.com\/es\/clairiere-ii-2013-urbana-14-b\/","url":"https:\/\/luisnaon.com\/es\/clairiere-ii-2013-urbana-14-b\/","name":"Clairi\u00e8re II (2013) (Urbana 14.b) - Luis Na\u00f3n \/ compositeur","isPartOf":{"@id":"https:\/\/luisnaon.com\/#website"},"primaryImageOfPage":{"@id":"https:\/\/luisnaon.com\/es\/clairiere-ii-2013-urbana-14-b\/#primaryimage"},"image":{"@id":"https:\/\/luisnaon.com\/es\/clairiere-ii-2013-urbana-14-b\/#primaryimage"},"thumbnailUrl":"https:\/\/luisnaon.com\/wp-content\/uploads\/2014\/10\/logo_babel_copie.png","datePublished":"2013-09-09T12:54:04+00:00","dateModified":"2023-07-10T13:09:47+00:00","author":{"@id":"https:\/\/luisnaon.com\/#\/schema\/person\/3972d8c1fd95485284e1cba0cba78f0f"},"breadcrumb":{"@id":"https:\/\/luisnaon.com\/es\/clairiere-ii-2013-urbana-14-b\/#breadcrumb"},"inLanguage":"es","potentialAction":[{"@type":"ReadAction","target":["https:\/\/luisnaon.com\/es\/clairiere-ii-2013-urbana-14-b\/"]}]},{"@type":"ImageObject","inLanguage":"es","@id":"https:\/\/luisnaon.com\/es\/clairiere-ii-2013-urbana-14-b\/#primaryimage","url":"https:\/\/luisnaon.com\/wp-content\/uploads\/2014\/10\/logo_babel_copie.png","contentUrl":"https:\/\/luisnaon.com\/wp-content\/uploads\/2014\/10\/logo_babel_copie.png"},{"@type":"BreadcrumbList","@id":"https:\/\/luisnaon.com\/es\/clairiere-ii-2013-urbana-14-b\/#breadcrumb","itemListElement":[{"@type":"ListItem","position":1,"name":"Accueil","item":"https:\/\/luisnaon.com\/es\/"},{"@type":"ListItem","position":2,"name":"Clairi\u00e8re II (2013) (Urbana 14.b)"}]},{"@type":"WebSite","@id":"https:\/\/luisnaon.com\/#website","url":"https:\/\/luisnaon.com\/","name":"Luis Na\u00f3n \/ compositeur","description":"","potentialAction":[{"@type":"SearchAction","target":{"@type":"EntryPoint","urlTemplate":"https:\/\/luisnaon.com\/?s={search_term_string}"},"query-input":{"@type":"PropertyValueSpecification","valueRequired":true,"valueName":"search_term_string"}}],"inLanguage":"es"},{"@type":"Person","@id":"https:\/\/luisnaon.com\/#\/schema\/person\/3972d8c1fd95485284e1cba0cba78f0f","name":"admin4luis","url":"https:\/\/luisnaon.com\/es\/author\/admin4luis\/"}]}},"jetpack_featured_media_url":"","jetpack_sharing_enabled":true,"jetpack_shortlink":"https:\/\/wp.me\/p8dE3Z-q4","jetpack-related-posts":[],"_links":{"self":[{"href":"https:\/\/luisnaon.com\/es\/wp-json\/wp\/v2\/posts\/1616","targetHints":{"allow":["GET"]}}],"collection":[{"href":"https:\/\/luisnaon.com\/es\/wp-json\/wp\/v2\/posts"}],"about":[{"href":"https:\/\/luisnaon.com\/es\/wp-json\/wp\/v2\/types\/post"}],"author":[{"embeddable":true,"href":"https:\/\/luisnaon.com\/es\/wp-json\/wp\/v2\/users\/2"}],"replies":[{"embeddable":true,"href":"https:\/\/luisnaon.com\/es\/wp-json\/wp\/v2\/comments?post=1616"}],"version-history":[{"count":0,"href":"https:\/\/luisnaon.com\/es\/wp-json\/wp\/v2\/posts\/1616\/revisions"}],"wp:attachment":[{"href":"https:\/\/luisnaon.com\/es\/wp-json\/wp\/v2\/media?parent=1616"}],"wp:term":[{"taxonomy":"category","embeddable":true,"href":"https:\/\/luisnaon.com\/es\/wp-json\/wp\/v2\/categories?post=1616"},{"taxonomy":"post_tag","embeddable":true,"href":"https:\/\/luisnaon.com\/es\/wp-json\/wp\/v2\/tags?post=1616"}],"curies":[{"name":"wp","href":"https:\/\/api.w.org\/{rel}","templated":true}]}}